{"id":8997,"date":"2023-07-24T19:13:04","date_gmt":"2023-07-24T17:13:04","guid":{"rendered":"https:\/\/www.jornadesperalexcellencia.cat\/?p=8997"},"modified":"2023-07-24T19:21:36","modified_gmt":"2023-07-24T17:21:36","slug":"presentacion-en-la-diputacion-de-lleida-de-la-nueva-edicion-de-las-jornadas-para-la-excelencia","status":"publish","type":"post","link":"https:\/\/www.jornadesperalexcellencia.cat\/es\/presentacion-en-la-diputacion-de-lleida-de-la-nueva-edicion-de-las-jornadas-para-la-excelencia\/","title":{"rendered":"Presentaci\u00f3n en la Diputaci\u00f3n de Lleida de la nueva edici\u00f3n de las Jornadas para la excelencia donde se propondr\u00e1 una reflexi\u00f3n transversal sobre el futuro del Pirineo"},"content":{"rendered":"<h2 style=\"font-size: 19px;\">Hoy se ha realizado en la Diputaci\u00f3n de Lleida la presentaci\u00f3n de la nueva edici\u00f3n de las Jornadas para la excelencia donde se propondr\u00e1 una reflexi\u00f3n transversal sobre el futuro del Pirineo. El acontecimiento de referencia sobre los territorios de monta\u00f1a, que se celebrar\u00e1 en Esterri d&#8217;\u00c0neu el 6 y 7 de octubre, llega este a\u00f1o a la d\u00e9cima edici\u00f3n y crece hacia Andorra y la Val d&#8217;Ar\u00e1n.<\/h2>\n<h3 style=\"font-size: 19px; font-weight: 300;\">La consejera Ester Capella, el publicista Llu\u00eds Bassat, el climat\u00f3logo Javier Mart\u00edn Vide, altos cargos de la Generalitat, empresarios o expertos universitarios, ser\u00e1n los protagonistas de las ponencias y los debates.<\/h3>\n<p>&nbsp;<\/p>\n<p>Las Jornadas para la excelencia llegan este a\u00f1o a la d\u00e9cima edici\u00f3n, efem\u00e9ride que servir\u00e1 para convocar los d\u00edas 6 y 7 de octubre en Esterri d&#8217;\u00c0neu una extensa y transversal reflexi\u00f3n sobre el futuro del Pirineo. Bajo el t\u00edtulo: \u201cQu\u00e9 futuro queremos para el Pirineo. Estrategias para un desarrollo sostenible de los territorios de monta\u00f1a\u201d, la organizaci\u00f3n busca revisar junto a expertos de prestigio aspectos tan relevantes en los pr\u00f3ximos a\u00f1os como son el crecimiento sostenible y el cambio clim\u00e1tico, la nueva econom\u00eda, la formaci\u00f3n, la captaci\u00f3n y retenci\u00f3n de talento, las oportunidades de la marca \u201cPirineo\u201c, el arraigo territorial en relaci\u00f3n con el despoblamiento y la problem\u00e1tica de la vivienda o la cooperaci\u00f3n con otros territorios de monta\u00f1a y con otros estados.<\/p>\n<p><strong>Las Jornadas para la excelencia contar\u00e1n con m\u00e1s de 40 ponentes de prestigio como la consejera de Territorio, Ester Capella, el publicista Llu\u00eds Bassat o el climat\u00f3logo Javier Mart\u00edn Vide, adem\u00e1s de empresarios de \u00e9xito arraigados en el Pirineo y los principales dirigentes de organismos como el IDAPA, ACCI\u00d3 o la Universitat de Lleida, adem\u00e1s de destacados representantes de la Generalitat de Catalunya, del Conselh Generau d\u2019Aran y del Gobierno de Andorra.<\/strong><\/p>\n<p>El presidente de la Diputaci\u00f3n, Joan Talarn, ha presidido la presentaci\u00f3n de las Jornadas para la excelencia, que ha calificado como \u201cnecesarias\u201d y que aportan una \u201creflexi\u00f3n de pa\u00eds\u201d. Talarn tambi\u00e9n ha subrayado que las Jornadas enlazan con uno de los objetivos prioritarios de la Diputaci\u00f3n de Lleida, que es la lucha contra el despoblamiento. El alcalde de Esterri d&#8217;\u00c0neu, Pere Tic\u00f3, ha dado un a\u00f1o m\u00e1s todo el apoyo del ayuntamiento a las Jornadas, de las que ha dicho que \u201caprendemos mucho y nos pone deberes a los pol\u00edticos\u201d.<\/p>\n<p>Finalmente, Jes\u00fas Montoliu, presidente del comit\u00e9 organizador de las Jornadas para la excelencia, ha reiterado el hecho \u201cde evolucionar el acontecimiento de la reflexi\u00f3n hacia la acci\u00f3n para ser un espacio para el impulso social y econ\u00f3mico del Pirineo\u201d. <\/p>\n<p>La d\u00e9cima edici\u00f3n de las Jornadas para la excelencia destacar\u00e1 tambi\u00e9n para hacer un salto adelante en su representaci\u00f3n e implicaci\u00f3n a m\u00e1s territorios del Pirineo. Por este motivo, la organizaci\u00f3n consolida su crecimiento hacia Andorra, con una jornada previa que se celebrar\u00e1 el 29 de septiembre en la parroquia de la Masana y que tratar\u00e1 sobre la cooperaci\u00f3n transfronteriza con la participaci\u00f3n de relevantes responsables pol\u00edticos de Andorra, Francia y Espa\u00f1a. La otra incorporaci\u00f3n a las Jornadas para la excelencia ser\u00e1 la Val d&#8217;Ar\u00e1n. De este territorio habr\u00e1 una nutrida representaci\u00f3n en ponencias y en asistencia. En ambos casos, se trabaja para que la conclusi\u00f3n vaya a cargo, si las agendas lo permiten, del Jefe de Gobierno del Principado de Andorra, Xavier Espot, y de la S\u00edndica de Aran, Maria Verg\u00e9s.<\/p>\n<p>Este encuentro profesional enfocado en el Pirineo tambi\u00e9n centra sus esfuerzos al implicar el sector educativo en la reflexi\u00f3n territorial. Por eso, ya ser\u00e1 el tercer a\u00f1o que escuelas e institutos de las comarcas del Pallars organizan trabajos, debates y actividades centrados en los lemas y tem\u00e1ticas de las Jornadas para la excelencia. Este trabajo se ver\u00e1 reflejado tambi\u00e9n durante el evento.<\/p>\n<p>Hasta ahora, las anteriores nueve Jornadas han estado centradas en un solo tema. Pero este a\u00f1o, se aplaza el formato tradicional para abordar esta reflexi\u00f3n global del Pirineo. Las anteriores ediciones se han dedicado a:<\/p>\n<p>&#8211; <u><a href=\"https:\/\/www.jornadesperalexcellencia.cat\/es\/edicio-2014-perfeccionament-professional\/\" target=\"_blank\" rel=\"noopener\">\u201cPerfeccionament professional a l&#8217;alta muntanya\u201d<\/a><\/u> (2014),<br \/>\n&#8211; <u><a href=\"https:\/\/www.jornadesperalexcellencia.cat\/es\/edicio-2015-el-turisme\/\" target=\"_blank\" rel=\"noopener\">\u201cEl turisme, vector de creixement i desenvolupament en l&#8217;alta muntanya\u201d<\/a><\/u> (2015),<br \/>\n&#8211; <u><a href=\"https:\/\/www.jornadesperalexcellencia.cat\/es\/edicio-2016-infraestructures-i-comunicacions\/\" target=\"_blank\" rel=\"noopener\">\u201cInfraestructures i comunicacions: la porta al futur\u201d<\/a><\/u> (2016),<br \/>\n&#8211; <u><a href=\"https:\/\/www.jornadesperalexcellencia.cat\/es\/edicio-2017-sanitat\/\" target=\"_blank\" rel=\"noopener\">\u201cEl futur de la sanitat: Un canvi necessari\u201d<\/a><\/u> (2017),<br \/>\n&#8211; <u><a href=\"https:\/\/www.jornadesperalexcellencia.cat\/es\/edicio-2018-e-commerce\/\" target=\"_blank\" rel=\"noopener\">\u201cE-commerce: El comer\u00e7 electr\u00f2nic com a oportunitat de negoci global\u201d<\/a><\/u> (2018),<br \/>\n&#8211; <u><a href=\"https:\/\/www.jornadesperalexcellencia.cat\/es\/edicio-2019-dones\/\" target=\"_blank\" rel=\"noopener\">\u201cLes dones a l&#8217;alta muntanya\u201d<\/a><\/u> (2019),<br \/>\n&#8211; <u><a href=\"https:\/\/www.jornadesperalexcellencia.cat\/es\/edicio-2020-futur-sostenible\/\" target=\"_blank\" rel=\"noopener\">\u201cUn present responsable per un futur sostenible\u201d<\/a><\/u> (2020),<br \/>\n&#8211; <u><a href=\"https:\/\/www.jornadesperalexcellencia.cat\/es\/edicio-2021-educacio-clau-del-futur\/\" target=\"_blank\" rel=\"noopener\">\u201cL&#8217;educaci\u00f3, la clau del futur\u201d<\/a><\/u> (2021) i<br \/>\n&#8211; <u><a href=\"https:\/\/www.jornadesperalexcellencia.cat\/es\/edicio-2022-salut-mental\/\" target=\"_blank\" rel=\"noopener\">\u201cFora estigmes! La salut mental al Pirineu\u201d<\/a><\/u> (2022).<\/p>\n<p>&nbsp;<br \/>\n<i class=\"fa fa-volume-up\" aria-hidden=\"true\"><\/i> <a href=\"https:\/\/www.diputaciolleida.cat\/wp-content\/uploads\/2023\/07\/Tall-Joan-Talarn.mp3\" rel=\"noopener\" target=\"_blank\">Audio Joan Talarn<\/a><br \/>\n<i class=\"fa fa-volume-up\" aria-hidden=\"true\"><\/i> <a href=\"https:\/\/www.diputaciolleida.cat\/wp-content\/uploads\/2023\/07\/Tall-Pere-Tico%CC%81.mp3\" rel=\"noopener\" target=\"_blank\">Audio Pere Tico\u0301<\/a><br \/>\n<i class=\"fa fa-volume-up\" aria-hidden=\"true\"><\/i> <a href=\"https:\/\/www.diputaciolleida.cat\/wp-content\/uploads\/2023\/07\/Tall-Jesu%CC%81s-Montoliu.mp3\" rel=\"noopener\" target=\"_blank\">Audio Jesu\u0301s Montoliu<\/a><br \/>\n&nbsp;<br \/>\n\n\t\t<style type=\"text\/css\">\n\t\t\t#gallery-1 {\n\t\t\t\tmargin: auto;\n\t\t\t}\n\t\t\t#gallery-1 .gallery-item {\n\t\t\t\tfloat: left;\n\t\t\t\tmargin-top: 10px;\n\t\t\t\ttext-align: center;\n\t\t\t\twidth: 33%;\n\t\t\t}\n\t\t\t#gallery-1 img {\n\t\t\t\tborder: 2px solid #cfcfcf;\n\t\t\t}\n\t\t\t#gallery-1 .gallery-caption {\n\t\t\t\tmargin-left: 0;\n\t\t\t}\n\t\t\t\/* see gallery_shortcode() in wp-includes\/media.php *\/\n\t\t<\/style>\n\t\t<div id='gallery-1' class='gallery galleryid-8997 gallery-columns-3 gallery-size-large'><dl class='gallery-item'>\n\t\t\t<dt class='gallery-icon landscape'>\n\t\t\t\t<a href='https:\/\/www.jornadesperalexcellencia.cat\/wp-content\/uploads\/2023\/07\/presentacio-jornades-excellencia-diputacio-lleida-2023-1.jpg'><img loading=\"lazy\" decoding=\"async\" width=\"900\" height=\"600\" src=\"https:\/\/www.jornadesperalexcellencia.cat\/wp-content\/uploads\/2023\/07\/presentacio-jornades-excellencia-diputacio-lleida-2023-1.jpg\" class=\"attachment-large size-large\" alt=\"\" srcset=\"https:\/\/www.jornadesperalexcellencia.cat\/wp-content\/uploads\/2023\/07\/presentacio-jornades-excellencia-diputacio-lleida-2023-1.jpg 900w, https:\/\/www.jornadesperalexcellencia.cat\/wp-content\/uploads\/2023\/07\/presentacio-jornades-excellencia-diputacio-lleida-2023-1-300x200.jpg 300w, https:\/\/www.jornadesperalexcellencia.cat\/wp-content\/uploads\/2023\/07\/presentacio-jornades-excellencia-diputacio-lleida-2023-1-768x512.jpg 768w, https:\/\/www.jornadesperalexcellencia.cat\/wp-content\/uploads\/2023\/07\/presentacio-jornades-excellencia-diputacio-lleida-2023-1-600x400.jpg 600w\" sizes=\"auto, (max-width: 900px) 100vw, 900px\" \/><\/a>\n\t\t\t<\/dt><\/dl><dl class='gallery-item'>\n\t\t\t<dt class='gallery-icon landscape'>\n\t\t\t\t<a href='https:\/\/www.jornadesperalexcellencia.cat\/wp-content\/uploads\/2023\/07\/presentacio-jornades-excellencia-diputacio-lleida-2023-2.jpg'><img loading=\"lazy\" decoding=\"async\" width=\"900\" height=\"600\" src=\"https:\/\/www.jornadesperalexcellencia.cat\/wp-content\/uploads\/2023\/07\/presentacio-jornades-excellencia-diputacio-lleida-2023-2.jpg\" class=\"attachment-large size-large\" alt=\"\" srcset=\"https:\/\/www.jornadesperalexcellencia.cat\/wp-content\/uploads\/2023\/07\/presentacio-jornades-excellencia-diputacio-lleida-2023-2.jpg 900w, https:\/\/www.jornadesperalexcellencia.cat\/wp-content\/uploads\/2023\/07\/presentacio-jornades-excellencia-diputacio-lleida-2023-2-300x200.jpg 300w, https:\/\/www.jornadesperalexcellencia.cat\/wp-content\/uploads\/2023\/07\/presentacio-jornades-excellencia-diputacio-lleida-2023-2-768x512.jpg 768w, https:\/\/www.jornadesperalexcellencia.cat\/wp-content\/uploads\/2023\/07\/presentacio-jornades-excellencia-diputacio-lleida-2023-2-600x400.jpg 600w\" sizes=\"auto, (max-width: 900px) 100vw, 900px\" \/><\/a>\n\t\t\t<\/dt><\/dl><dl class='gallery-item'>\n\t\t\t<dt class='gallery-icon landscape'>\n\t\t\t\t<a href='https:\/\/www.jornadesperalexcellencia.cat\/wp-content\/uploads\/2023\/07\/presentacio-jornades-excellencia-diputacio-lleida-2023-3.jpg'><img loading=\"lazy\" decoding=\"async\" width=\"900\" height=\"600\" src=\"https:\/\/www.jornadesperalexcellencia.cat\/wp-content\/uploads\/2023\/07\/presentacio-jornades-excellencia-diputacio-lleida-2023-3.jpg\" class=\"attachment-large size-large\" alt=\"\" srcset=\"https:\/\/www.jornadesperalexcellencia.cat\/wp-content\/uploads\/2023\/07\/presentacio-jornades-excellencia-diputacio-lleida-2023-3.jpg 900w, https:\/\/www.jornadesperalexcellencia.cat\/wp-content\/uploads\/2023\/07\/presentacio-jornades-excellencia-diputacio-lleida-2023-3-300x200.jpg 300w, https:\/\/www.jornadesperalexcellencia.cat\/wp-content\/uploads\/2023\/07\/presentacio-jornades-excellencia-diputacio-lleida-2023-3-768x512.jpg 768w, https:\/\/www.jornadesperalexcellencia.cat\/wp-content\/uploads\/2023\/07\/presentacio-jornades-excellencia-diputacio-lleida-2023-3-600x400.jpg 600w\" sizes=\"auto, (max-width: 900px) 100vw, 900px\" \/><\/a>\n\t\t\t<\/dt><\/dl><br style=\"clear: both\" \/><dl class='gallery-item'>\n\t\t\t<dt class='gallery-icon landscape'>\n\t\t\t\t<a href='https:\/\/www.jornadesperalexcellencia.cat\/wp-content\/uploads\/2023\/07\/presentacio-jornades-excellencia-diputacio-lleida-2023-6.jpg'><img loading=\"lazy\" decoding=\"async\" width=\"900\" height=\"600\" src=\"https:\/\/www.jornadesperalexcellencia.cat\/wp-content\/uploads\/2023\/07\/presentacio-jornades-excellencia-diputacio-lleida-2023-6.jpg\" class=\"attachment-large size-large\" alt=\"\" srcset=\"https:\/\/www.jornadesperalexcellencia.cat\/wp-content\/uploads\/2023\/07\/presentacio-jornades-excellencia-diputacio-lleida-2023-6.jpg 900w, https:\/\/www.jornadesperalexcellencia.cat\/wp-content\/uploads\/2023\/07\/presentacio-jornades-excellencia-diputacio-lleida-2023-6-300x200.jpg 300w, https:\/\/www.jornadesperalexcellencia.cat\/wp-content\/uploads\/2023\/07\/presentacio-jornades-excellencia-diputacio-lleida-2023-6-768x512.jpg 768w, https:\/\/www.jornadesperalexcellencia.cat\/wp-content\/uploads\/2023\/07\/presentacio-jornades-excellencia-diputacio-lleida-2023-6-600x400.jpg 600w\" sizes=\"auto, (max-width: 900px) 100vw, 900px\" \/><\/a>\n\t\t\t<\/dt><\/dl><dl class='gallery-item'>\n\t\t\t<dt class='gallery-icon landscape'>\n\t\t\t\t<a href='https:\/\/www.jornadesperalexcellencia.cat\/wp-content\/uploads\/2023\/07\/presentacio-jornades-excellencia-diputacio-lleida-2023-5.jpg'><img loading=\"lazy\" decoding=\"async\" width=\"900\" height=\"600\" src=\"https:\/\/www.jornadesperalexcellencia.cat\/wp-content\/uploads\/2023\/07\/presentacio-jornades-excellencia-diputacio-lleida-2023-5.jpg\" class=\"attachment-large size-large\" alt=\"\" srcset=\"https:\/\/www.jornadesperalexcellencia.cat\/wp-content\/uploads\/2023\/07\/presentacio-jornades-excellencia-diputacio-lleida-2023-5.jpg 900w, https:\/\/www.jornadesperalexcellencia.cat\/wp-content\/uploads\/2023\/07\/presentacio-jornades-excellencia-diputacio-lleida-2023-5-300x200.jpg 300w, https:\/\/www.jornadesperalexcellencia.cat\/wp-content\/uploads\/2023\/07\/presentacio-jornades-excellencia-diputacio-lleida-2023-5-768x512.jpg 768w, https:\/\/www.jornadesperalexcellencia.cat\/wp-content\/uploads\/2023\/07\/presentacio-jornades-excellencia-diputacio-lleida-2023-5-600x400.jpg 600w\" sizes=\"auto, (max-width: 900px) 100vw, 900px\" \/><\/a>\n\t\t\t<\/dt><\/dl><dl class='gallery-item'>\n\t\t\t<dt class='gallery-icon landscape'>\n\t\t\t\t<a href='https:\/\/www.jornadesperalexcellencia.cat\/wp-content\/uploads\/2023\/07\/presentacio-jornades-excellencia-diputacio-lleida-2023-4.jpg'><img loading=\"lazy\" decoding=\"async\" width=\"900\" height=\"600\" src=\"https:\/\/www.jornadesperalexcellencia.cat\/wp-content\/uploads\/2023\/07\/presentacio-jornades-excellencia-diputacio-lleida-2023-4.jpg\" class=\"attachment-large size-large\" alt=\"\" srcset=\"https:\/\/www.jornadesperalexcellencia.cat\/wp-content\/uploads\/2023\/07\/presentacio-jornades-excellencia-diputacio-lleida-2023-4.jpg 900w, https:\/\/www.jornadesperalexcellencia.cat\/wp-content\/uploads\/2023\/07\/presentacio-jornades-excellencia-diputacio-lleida-2023-4-300x200.jpg 300w, https:\/\/www.jornadesperalexcellencia.cat\/wp-content\/uploads\/2023\/07\/presentacio-jornades-excellencia-diputacio-lleida-2023-4-768x512.jpg 768w, https:\/\/www.jornadesperalexcellencia.cat\/wp-content\/uploads\/2023\/07\/presentacio-jornades-excellencia-diputacio-lleida-2023-4-600x400.jpg 600w\" sizes=\"auto, (max-width: 900px) 100vw, 900px\" \/><\/a>\n\t\t\t<\/dt><\/dl><br style=\"clear: both\" \/>\n\t\t<\/div>","protected":false},"excerpt":{"rendered":"<p>Hoy se ha realizado en la Diputaci\u00f3n de Lleida la presentaci\u00f3n de la nueva edici\u00f3n de las Jornadas para la excelencia donde se propondr\u00e1 una reflexi\u00f3n transversal sobre el futuro del Pirineo. El acontecimiento de referencia sobre los territorios de monta\u00f1a, que se celebrar\u00e1 en Esterri d&#8217;\u00c0neu el 6 y 7 de octubre, llega este a\u00f1o a la d\u00e9cima edici\u00f3n y crece hacia Andorra y la Val d&#8217;Ar\u00e1n. La consejera Ester Capella, el publicista Llu\u00eds Bassat, el climat\u00f3logo Javier Mart\u00edn [&hellip;]<\/p>\n","protected":false},"author":1,"featured_media":9034,"comment_status":"closed","ping_status":"closed","sticky":false,"template":"","format":"standard","meta":{"footnotes":""},"categories":[1],"tags":[],"class_list":["post-8997","post","type-post","status-publish","format-standard","has-post-thumbnail","hentry","category-general"],"yoast_head":"<!-- This site is optimized with the Yoast SEO plugin v27.4 - https:\/\/yoast.com\/product\/yoast-seo-wordpress\/ -->\n<title>Presentaci\u00f3n en la Diputaci\u00f3n de Lleida de la nueva edici\u00f3n de las Jornadas para la excelencia donde se propondr\u00e1 una reflexi\u00f3n transversal sobre el futuro del Pirineo - Jornades per a l&#039;excel\u00b7l\u00e8ncia<\/title>\n<meta name=\"robots\" content=\"index, follow, max-snippet:-1, max-image-preview:large, max-video-preview:-1\" \/>\n<link rel=\"canonical\" href=\"https:\/\/www.jornadesperalexcellencia.cat\/es\/presentacion-en-la-diputacion-de-lleida-de-la-nueva-edicion-de-las-jornadas-para-la-excelencia\/\" \/>\n<meta property=\"og:locale\" content=\"es_ES\" \/>\n<meta property=\"og:type\" content=\"article\" \/>\n<meta property=\"og:title\" content=\"Presentaci\u00f3n en la Diputaci\u00f3n de Lleida de la nueva edici\u00f3n de las Jornadas para la excelencia donde se propondr\u00e1 una reflexi\u00f3n transversal sobre el futuro del Pirineo - Jornades per a l&#039;excel\u00b7l\u00e8ncia\" \/>\n<meta property=\"og:description\" content=\"Hoy se ha realizado en la Diputaci\u00f3n de Lleida la presentaci\u00f3n de la nueva edici\u00f3n de las Jornadas para la excelencia donde se propondr\u00e1 una reflexi\u00f3n transversal sobre el futuro del Pirineo. El acontecimiento de referencia sobre los territorios de monta\u00f1a, que se celebrar\u00e1 en Esterri d&#8217;\u00c0neu el 6 y 7 de octubre, llega este a\u00f1o a la d\u00e9cima edici\u00f3n y crece hacia Andorra y la Val d&#8217;Ar\u00e1n. La consejera Ester Capella, el publicista Llu\u00eds Bassat, el climat\u00f3logo Javier Mart\u00edn [&hellip;]\" \/>\n<meta property=\"og:url\" content=\"https:\/\/www.jornadesperalexcellencia.cat\/es\/presentacion-en-la-diputacion-de-lleida-de-la-nueva-edicion-de-las-jornadas-para-la-excelencia\/\" \/>\n<meta property=\"og:site_name\" content=\"Jornades per a l&#039;excel\u00b7l\u00e8ncia\" \/>\n<meta property=\"article:published_time\" content=\"2023-07-24T17:13:04+00:00\" \/>\n<meta property=\"article:modified_time\" content=\"2023-07-24T17:21:36+00:00\" \/>\n<meta property=\"og:image\" content=\"https:\/\/www.jornadesperalexcellencia.cat\/wp-content\/uploads\/2023\/07\/presentacio-jornades-excellencia-diputacio-lleida-2023-1.jpg\" \/>\n\t<meta property=\"og:image:width\" content=\"900\" \/>\n\t<meta property=\"og:image:height\" content=\"600\" \/>\n\t<meta property=\"og:image:type\" content=\"image\/jpeg\" \/>\n<meta name=\"author\" content=\"PCadmin-jx\" \/>\n<meta name=\"twitter:card\" content=\"summary_large_image\" \/>\n<meta name=\"twitter:label1\" content=\"Escrito por\" \/>\n\t<meta name=\"twitter:data1\" content=\"PCadmin-jx\" \/>\n\t<meta name=\"twitter:label2\" content=\"Tiempo de lectura\" \/>\n\t<meta name=\"twitter:data2\" content=\"4 minutos\" \/>\n<script type=\"application\/ld+json\" class=\"yoast-schema-graph\">{\"@context\":\"https:\\\/\\\/schema.org\",\"@graph\":[{\"@type\":\"Article\",\"@id\":\"https:\\\/\\\/www.jornadesperalexcellencia.cat\\\/es\\\/presentacion-en-la-diputacion-de-lleida-de-la-nueva-edicion-de-las-jornadas-para-la-excelencia\\\/#article\",\"isPartOf\":{\"@id\":\"https:\\\/\\\/www.jornadesperalexcellencia.cat\\\/es\\\/presentacion-en-la-diputacion-de-lleida-de-la-nueva-edicion-de-las-jornadas-para-la-excelencia\\\/\"},\"author\":{\"name\":\"PCadmin-jx\",\"@id\":\"https:\\\/\\\/www.jornadesperalexcellencia.cat\\\/es\\\/#\\\/schema\\\/person\\\/647af0bd5b91e43a5f04ee7b596bf2ca\"},\"headline\":\"Presentaci\u00f3n en la Diputaci\u00f3n de Lleida de la nueva edici\u00f3n de las Jornadas para la excelencia donde se propondr\u00e1 una reflexi\u00f3n transversal sobre el futuro del Pirineo\",\"datePublished\":\"2023-07-24T17:13:04+00:00\",\"dateModified\":\"2023-07-24T17:21:36+00:00\",\"mainEntityOfPage\":{\"@id\":\"https:\\\/\\\/www.jornadesperalexcellencia.cat\\\/es\\\/presentacion-en-la-diputacion-de-lleida-de-la-nueva-edicion-de-las-jornadas-para-la-excelencia\\\/\"},\"wordCount\":853,\"image\":{\"@id\":\"https:\\\/\\\/www.jornadesperalexcellencia.cat\\\/es\\\/presentacion-en-la-diputacion-de-lleida-de-la-nueva-edicion-de-las-jornadas-para-la-excelencia\\\/#primaryimage\"},\"thumbnailUrl\":\"https:\\\/\\\/www.jornadesperalexcellencia.cat\\\/wp-content\\\/uploads\\\/2023\\\/07\\\/presentacio-jornades-excellencia-diputacio-lleida-2023-1.jpg\",\"articleSection\":[\"General\"],\"inLanguage\":\"es\"},{\"@type\":\"WebPage\",\"@id\":\"https:\\\/\\\/www.jornadesperalexcellencia.cat\\\/es\\\/presentacion-en-la-diputacion-de-lleida-de-la-nueva-edicion-de-las-jornadas-para-la-excelencia\\\/\",\"url\":\"https:\\\/\\\/www.jornadesperalexcellencia.cat\\\/es\\\/presentacion-en-la-diputacion-de-lleida-de-la-nueva-edicion-de-las-jornadas-para-la-excelencia\\\/\",\"name\":\"Presentaci\u00f3n en la Diputaci\u00f3n de Lleida de la nueva edici\u00f3n de las Jornadas para la excelencia donde se propondr\u00e1 una reflexi\u00f3n transversal sobre el futuro del Pirineo - Jornades per a l&#039;excel\u00b7l\u00e8ncia\",\"isPartOf\":{\"@id\":\"https:\\\/\\\/www.jornadesperalexcellencia.cat\\\/es\\\/#website\"},\"primaryImageOfPage\":{\"@id\":\"https:\\\/\\\/www.jornadesperalexcellencia.cat\\\/es\\\/presentacion-en-la-diputacion-de-lleida-de-la-nueva-edicion-de-las-jornadas-para-la-excelencia\\\/#primaryimage\"},\"image\":{\"@id\":\"https:\\\/\\\/www.jornadesperalexcellencia.cat\\\/es\\\/presentacion-en-la-diputacion-de-lleida-de-la-nueva-edicion-de-las-jornadas-para-la-excelencia\\\/#primaryimage\"},\"thumbnailUrl\":\"https:\\\/\\\/www.jornadesperalexcellencia.cat\\\/wp-content\\\/uploads\\\/2023\\\/07\\\/presentacio-jornades-excellencia-diputacio-lleida-2023-1.jpg\",\"datePublished\":\"2023-07-24T17:13:04+00:00\",\"dateModified\":\"2023-07-24T17:21:36+00:00\",\"author\":{\"@id\":\"https:\\\/\\\/www.jornadesperalexcellencia.cat\\\/es\\\/#\\\/schema\\\/person\\\/647af0bd5b91e43a5f04ee7b596bf2ca\"},\"breadcrumb\":{\"@id\":\"https:\\\/\\\/www.jornadesperalexcellencia.cat\\\/es\\\/presentacion-en-la-diputacion-de-lleida-de-la-nueva-edicion-de-las-jornadas-para-la-excelencia\\\/#breadcrumb\"},\"inLanguage\":\"es\",\"potentialAction\":[{\"@type\":\"ReadAction\",\"target\":[\"https:\\\/\\\/www.jornadesperalexcellencia.cat\\\/es\\\/presentacion-en-la-diputacion-de-lleida-de-la-nueva-edicion-de-las-jornadas-para-la-excelencia\\\/\"]}]},{\"@type\":\"ImageObject\",\"inLanguage\":\"es\",\"@id\":\"https:\\\/\\\/www.jornadesperalexcellencia.cat\\\/es\\\/presentacion-en-la-diputacion-de-lleida-de-la-nueva-edicion-de-las-jornadas-para-la-excelencia\\\/#primaryimage\",\"url\":\"https:\\\/\\\/www.jornadesperalexcellencia.cat\\\/wp-content\\\/uploads\\\/2023\\\/07\\\/presentacio-jornades-excellencia-diputacio-lleida-2023-1.jpg\",\"contentUrl\":\"https:\\\/\\\/www.jornadesperalexcellencia.cat\\\/wp-content\\\/uploads\\\/2023\\\/07\\\/presentacio-jornades-excellencia-diputacio-lleida-2023-1.jpg\",\"width\":900,\"height\":600},{\"@type\":\"BreadcrumbList\",\"@id\":\"https:\\\/\\\/www.jornadesperalexcellencia.cat\\\/es\\\/presentacion-en-la-diputacion-de-lleida-de-la-nueva-edicion-de-las-jornadas-para-la-excelencia\\\/#breadcrumb\",\"itemListElement\":[{\"@type\":\"ListItem\",\"position\":1,\"name\":\"Inici\",\"item\":\"https:\\\/\\\/www.jornadesperalexcellencia.cat\\\/es\\\/inicio\\\/\"},{\"@type\":\"ListItem\",\"position\":2,\"name\":\"Presentaci\u00f3n en la Diputaci\u00f3n de Lleida de la nueva edici\u00f3n de las Jornadas para la excelencia donde se propondr\u00e1 una reflexi\u00f3n transversal sobre el futuro del Pirineo\"}]},{\"@type\":\"WebSite\",\"@id\":\"https:\\\/\\\/www.jornadesperalexcellencia.cat\\\/es\\\/#website\",\"url\":\"https:\\\/\\\/www.jornadesperalexcellencia.cat\\\/es\\\/\",\"name\":\"Jornades per a l&#039;excel\u00b7l\u00e8ncia\",\"description\":\"Confer\u00e8ncies anuals per al progr\u00e9s i desenvolupament dels territoris del Pirineu. Esterri d&#039;\u00c0neu i Andorra.\",\"alternateName\":\"Jornades per a l'excel\u00b7l\u00e8ncia\",\"potentialAction\":[{\"@type\":\"SearchAction\",\"target\":{\"@type\":\"EntryPoint\",\"urlTemplate\":\"https:\\\/\\\/www.jornadesperalexcellencia.cat\\\/es\\\/?s={search_term_string}\"},\"query-input\":{\"@type\":\"PropertyValueSpecification\",\"valueRequired\":true,\"valueName\":\"search_term_string\"}}],\"inLanguage\":\"es\"},{\"@type\":\"Person\",\"@id\":\"https:\\\/\\\/www.jornadesperalexcellencia.cat\\\/es\\\/#\\\/schema\\\/person\\\/647af0bd5b91e43a5f04ee7b596bf2ca\",\"name\":\"PCadmin-jx\",\"sameAs\":[\"https:\\\/\\\/www.jornadesperalexcellencia.cat\"],\"url\":\"https:\\\/\\\/www.jornadesperalexcellencia.cat\\\/es\\\/author\\\/pcadmin-jx\\\/\"}]}<\/script>\n<!-- \/ Yoast SEO plugin. -->","yoast_head_json":{"title":"Presentaci\u00f3n en la Diputaci\u00f3n de Lleida de la nueva edici\u00f3n de las Jornadas para la excelencia donde se propondr\u00e1 una reflexi\u00f3n transversal sobre el futuro del Pirineo - Jornades per a l&#039;excel\u00b7l\u00e8ncia","robots":{"index":"index","follow":"follow","max-snippet":"max-snippet:-1","max-image-preview":"max-image-preview:large","max-video-preview":"max-video-preview:-1"},"canonical":"https:\/\/www.jornadesperalexcellencia.cat\/es\/presentacion-en-la-diputacion-de-lleida-de-la-nueva-edicion-de-las-jornadas-para-la-excelencia\/","og_locale":"es_ES","og_type":"article","og_title":"Presentaci\u00f3n en la Diputaci\u00f3n de Lleida de la nueva edici\u00f3n de las Jornadas para la excelencia donde se propondr\u00e1 una reflexi\u00f3n transversal sobre el futuro del Pirineo - Jornades per a l&#039;excel\u00b7l\u00e8ncia","og_description":"Hoy se ha realizado en la Diputaci\u00f3n de Lleida la presentaci\u00f3n de la nueva edici\u00f3n de las Jornadas para la excelencia donde se propondr\u00e1 una reflexi\u00f3n transversal sobre el futuro del Pirineo. El acontecimiento de referencia sobre los territorios de monta\u00f1a, que se celebrar\u00e1 en Esterri d&#8217;\u00c0neu el 6 y 7 de octubre, llega este a\u00f1o a la d\u00e9cima edici\u00f3n y crece hacia Andorra y la Val d&#8217;Ar\u00e1n. La consejera Ester Capella, el publicista Llu\u00eds Bassat, el climat\u00f3logo Javier Mart\u00edn [&hellip;]","og_url":"https:\/\/www.jornadesperalexcellencia.cat\/es\/presentacion-en-la-diputacion-de-lleida-de-la-nueva-edicion-de-las-jornadas-para-la-excelencia\/","og_site_name":"Jornades per a l&#039;excel\u00b7l\u00e8ncia","article_published_time":"2023-07-24T17:13:04+00:00","article_modified_time":"2023-07-24T17:21:36+00:00","og_image":[{"width":900,"height":600,"url":"https:\/\/www.jornadesperalexcellencia.cat\/wp-content\/uploads\/2023\/07\/presentacio-jornades-excellencia-diputacio-lleida-2023-1.jpg","type":"image\/jpeg"}],"author":"PCadmin-jx","twitter_card":"summary_large_image","twitter_misc":{"Escrito por":"PCadmin-jx","Tiempo de lectura":"4 minutos"},"schema":{"@context":"https:\/\/schema.org","@graph":[{"@type":"Article","@id":"https:\/\/www.jornadesperalexcellencia.cat\/es\/presentacion-en-la-diputacion-de-lleida-de-la-nueva-edicion-de-las-jornadas-para-la-excelencia\/#article","isPartOf":{"@id":"https:\/\/www.jornadesperalexcellencia.cat\/es\/presentacion-en-la-diputacion-de-lleida-de-la-nueva-edicion-de-las-jornadas-para-la-excelencia\/"},"author":{"name":"PCadmin-jx","@id":"https:\/\/www.jornadesperalexcellencia.cat\/es\/#\/schema\/person\/647af0bd5b91e43a5f04ee7b596bf2ca"},"headline":"Presentaci\u00f3n en la Diputaci\u00f3n de Lleida de la nueva edici\u00f3n de las Jornadas para la excelencia donde se propondr\u00e1 una reflexi\u00f3n transversal sobre el futuro del Pirineo","datePublished":"2023-07-24T17:13:04+00:00","dateModified":"2023-07-24T17:21:36+00:00","mainEntityOfPage":{"@id":"https:\/\/www.jornadesperalexcellencia.cat\/es\/presentacion-en-la-diputacion-de-lleida-de-la-nueva-edicion-de-las-jornadas-para-la-excelencia\/"},"wordCount":853,"image":{"@id":"https:\/\/www.jornadesperalexcellencia.cat\/es\/presentacion-en-la-diputacion-de-lleida-de-la-nueva-edicion-de-las-jornadas-para-la-excelencia\/#primaryimage"},"thumbnailUrl":"https:\/\/www.jornadesperalexcellencia.cat\/wp-content\/uploads\/2023\/07\/presentacio-jornades-excellencia-diputacio-lleida-2023-1.jpg","articleSection":["General"],"inLanguage":"es"},{"@type":"WebPage","@id":"https:\/\/www.jornadesperalexcellencia.cat\/es\/presentacion-en-la-diputacion-de-lleida-de-la-nueva-edicion-de-las-jornadas-para-la-excelencia\/","url":"https:\/\/www.jornadesperalexcellencia.cat\/es\/presentacion-en-la-diputacion-de-lleida-de-la-nueva-edicion-de-las-jornadas-para-la-excelencia\/","name":"Presentaci\u00f3n en la Diputaci\u00f3n de Lleida de la nueva edici\u00f3n de las Jornadas para la excelencia donde se propondr\u00e1 una reflexi\u00f3n transversal sobre el futuro del Pirineo - Jornades per a l&#039;excel\u00b7l\u00e8ncia","isPartOf":{"@id":"https:\/\/www.jornadesperalexcellencia.cat\/es\/#website"},"primaryImageOfPage":{"@id":"https:\/\/www.jornadesperalexcellencia.cat\/es\/presentacion-en-la-diputacion-de-lleida-de-la-nueva-edicion-de-las-jornadas-para-la-excelencia\/#primaryimage"},"image":{"@id":"https:\/\/www.jornadesperalexcellencia.cat\/es\/presentacion-en-la-diputacion-de-lleida-de-la-nueva-edicion-de-las-jornadas-para-la-excelencia\/#primaryimage"},"thumbnailUrl":"https:\/\/www.jornadesperalexcellencia.cat\/wp-content\/uploads\/2023\/07\/presentacio-jornades-excellencia-diputacio-lleida-2023-1.jpg","datePublished":"2023-07-24T17:13:04+00:00","dateModified":"2023-07-24T17:21:36+00:00","author":{"@id":"https:\/\/www.jornadesperalexcellencia.cat\/es\/#\/schema\/person\/647af0bd5b91e43a5f04ee7b596bf2ca"},"breadcrumb":{"@id":"https:\/\/www.jornadesperalexcellencia.cat\/es\/presentacion-en-la-diputacion-de-lleida-de-la-nueva-edicion-de-las-jornadas-para-la-excelencia\/#breadcrumb"},"inLanguage":"es","potentialAction":[{"@type":"ReadAction","target":["https:\/\/www.jornadesperalexcellencia.cat\/es\/presentacion-en-la-diputacion-de-lleida-de-la-nueva-edicion-de-las-jornadas-para-la-excelencia\/"]}]},{"@type":"ImageObject","inLanguage":"es","@id":"https:\/\/www.jornadesperalexcellencia.cat\/es\/presentacion-en-la-diputacion-de-lleida-de-la-nueva-edicion-de-las-jornadas-para-la-excelencia\/#primaryimage","url":"https:\/\/www.jornadesperalexcellencia.cat\/wp-content\/uploads\/2023\/07\/presentacio-jornades-excellencia-diputacio-lleida-2023-1.jpg","contentUrl":"https:\/\/www.jornadesperalexcellencia.cat\/wp-content\/uploads\/2023\/07\/presentacio-jornades-excellencia-diputacio-lleida-2023-1.jpg","width":900,"height":600},{"@type":"BreadcrumbList","@id":"https:\/\/www.jornadesperalexcellencia.cat\/es\/presentacion-en-la-diputacion-de-lleida-de-la-nueva-edicion-de-las-jornadas-para-la-excelencia\/#breadcrumb","itemListElement":[{"@type":"ListItem","position":1,"name":"Inici","item":"https:\/\/www.jornadesperalexcellencia.cat\/es\/inicio\/"},{"@type":"ListItem","position":2,"name":"Presentaci\u00f3n en la Diputaci\u00f3n de Lleida de la nueva edici\u00f3n de las Jornadas para la excelencia donde se propondr\u00e1 una reflexi\u00f3n transversal sobre el futuro del Pirineo"}]},{"@type":"WebSite","@id":"https:\/\/www.jornadesperalexcellencia.cat\/es\/#website","url":"https:\/\/www.jornadesperalexcellencia.cat\/es\/","name":"Jornades per a l&#039;excel\u00b7l\u00e8ncia","description":"Confer\u00e8ncies anuals per al progr\u00e9s i desenvolupament dels territoris del Pirineu. Esterri d&#039;\u00c0neu i Andorra.","alternateName":"Jornades per a l'excel\u00b7l\u00e8ncia","potentialAction":[{"@type":"SearchAction","target":{"@type":"EntryPoint","urlTemplate":"https:\/\/www.jornadesperalexcellencia.cat\/es\/?s={search_term_string}"},"query-input":{"@type":"PropertyValueSpecification","valueRequired":true,"valueName":"search_term_string"}}],"inLanguage":"es"},{"@type":"Person","@id":"https:\/\/www.jornadesperalexcellencia.cat\/es\/#\/schema\/person\/647af0bd5b91e43a5f04ee7b596bf2ca","name":"PCadmin-jx","sameAs":["https:\/\/www.jornadesperalexcellencia.cat"],"url":"https:\/\/www.jornadesperalexcellencia.cat\/es\/author\/pcadmin-jx\/"}]}},"_links":{"self":[{"href":"https:\/\/www.jornadesperalexcellencia.cat\/es\/wp-json\/wp\/v2\/posts\/8997","targetHints":{"allow":["GET"]}}],"collection":[{"href":"https:\/\/www.jornadesperalexcellencia.cat\/es\/wp-json\/wp\/v2\/posts"}],"about":[{"href":"https:\/\/www.jornadesperalexcellencia.cat\/es\/wp-json\/wp\/v2\/types\/post"}],"author":[{"embeddable":true,"href":"https:\/\/www.jornadesperalexcellencia.cat\/es\/wp-json\/wp\/v2\/users\/1"}],"replies":[{"embeddable":true,"href":"https:\/\/www.jornadesperalexcellencia.cat\/es\/wp-json\/wp\/v2\/comments?post=8997"}],"version-history":[{"count":0,"href":"https:\/\/www.jornadesperalexcellencia.cat\/es\/wp-json\/wp\/v2\/posts\/8997\/revisions"}],"wp:featuredmedia":[{"embeddable":true,"href":"https:\/\/www.jornadesperalexcellencia.cat\/es\/wp-json\/wp\/v2\/media\/9034"}],"wp:attachment":[{"href":"https:\/\/www.jornadesperalexcellencia.cat\/es\/wp-json\/wp\/v2\/media?parent=8997"}],"wp:term":[{"taxonomy":"category","embeddable":true,"href":"https:\/\/www.jornadesperalexcellencia.cat\/es\/wp-json\/wp\/v2\/categories?post=8997"},{"taxonomy":"post_tag","embeddable":true,"href":"https:\/\/www.jornadesperalexcellencia.cat\/es\/wp-json\/wp\/v2\/tags?post=8997"}],"curies":[{"name":"wp","href":"https:\/\/api.w.org\/{rel}","templated":true}]}}