{"id":12080,"date":"2025-09-30T09:55:33","date_gmt":"2025-09-30T07:55:33","guid":{"rendered":"https:\/\/www.jornadesperalexcellencia.cat\/?p=12080"},"modified":"2025-10-10T09:57:32","modified_gmt":"2025-10-10T07:57:32","slug":"todo-listo-para-iniciar-las-jornadas-para-la-excelencia-dedicadas-al-agua","status":"publish","type":"post","link":"https:\/\/www.jornadesperalexcellencia.cat\/es\/todo-listo-para-iniciar-las-jornadas-para-la-excelencia-dedicadas-al-agua\/","title":{"rendered":"Todo listo para iniciar las Jornadas para la excelencia dedicadas al agua"},"content":{"rendered":"<h2 style=\"font-size: 20px;\">El presidente Illa inaugurar\u00e1 la duod\u00e9cima edici\u00f3n, que contar\u00e1 con la participaci\u00f3n de los principales expertos en la gesti\u00f3n de este recurso<\/h2>\n<h2 style=\"font-size: 20px;\">Directivos de Endesa, ACA, Aqualia, AGBAR, Aguas del Segarra-Garrigues y de la Generalitat ser\u00e1n ponentes<\/h2>\n<h2 style=\"font-size: 20px;\">La clausura la har\u00e1n el ministro de Medio Ambiente de Andorra, Guillem Casal, y la s\u00edndica de Aran Maria Verg\u00e9s<\/h2>\n<p>&nbsp;<\/p>\n<p>Ya est\u00e1 todo listo para empezar la duod\u00e9cima edici\u00f3n de las Jornadas para la excelencia de 2025 que como ya se ha anunciado se dedicar\u00e1 El agua y que contar\u00e1n con un programa de lujo que permitir\u00e1 escuchar los d\u00edas 3 y 4 de octubre en Esterri d&#8217;\u00c0neu a los principales responsables de la gesti\u00f3n del agua del pa\u00eds, es a los principales responsables de la gesti\u00f3n del agua del pa\u00eds, compa\u00f1\u00edas de agua y energ\u00eda de Catalu\u00f1a y Andorra, participar\u00e1n activamente como ponentes del evento.<\/p>\n<p>Ning\u00fan otro evento ha logrado aglutinar este cartel, que debe permitir reflexionar sobre la gesti\u00f3n del agua, en especial atenci\u00f3n al Pirineo, y aportar soluciones para unos usos sostenibles en el futuro.<\/p>\n<p>Las sesiones de debate ser\u00e1n inauguradas por el presidente de la Generalitat, Salvador Illa. Y la clausura ir\u00e1 a cargo del ministro de Medio Ambiente, Agricultura y Ganader\u00eda del Gobierno de Andorra, Guillem Casal, y de la S\u00edndica de Aran, Maria Verg\u00e9s.<\/p>\n<p>Las Jornadas sumar\u00e1n una cuarentena de ponentes en una docena de mesas redondas y presentaciones durante los dos d\u00edas en un gran esfuerzo organizativo que llenar\u00e1 el pabell\u00f3n polideportivo de Esterri d&#8217;\u00c0neu, con una amplia representaci\u00f3n de alcaldes y concejales de las comarcas de monta\u00f1a, as\u00ed como de representantes de un abanico muy extenso.<\/p>\n<p>Entre las autoridades que participar\u00e1n del evento en Esterri d&#8217;\u00c0neu destacan Jordi Sargatal, secretario de Transici\u00f3n Ecol\u00f3gica del departamento de Territorio, Vivienda y Transici\u00f3n Ecol\u00f3gica de la Generalitat; el director de la Agencia Catalana del Agua (ACA), Josep Llu\u00eds Armenter; Silvia Ferrer, directora del departamento de Medio Ambiente y Sostenibilidad del Govern de Andorra; Sarai Sarroca, directora del Servicio Meteorol\u00f3gico de Catalu\u00f1a; Juli Fern\u00e1ndez, secretario de Econom\u00eda y Finanzas de la Generalidad de Catalu\u00f1a y Carles Ruiz, presidente de Ferrocarriles de la Generalidad de Catalu\u00f1a (FGC). Tambi\u00e9n estar\u00e1 Xavier Gispert, director general de Regad\u00edos y Espacios Agrarios.<\/p>\n<p>El programa incluye a expertos como Ramon Folch, doctor en biolog\u00eda, socioec\u00f3logo y ex consultor ambiental de la UNESCO y del consejo de administraci\u00f3n de Aig\u00fces de Barcelona. Tambi\u00e9n Antoni Palau, profesor y miembro de investigaci\u00f3n del departamento de Qu\u00edmica, F\u00edsica y Ciencias Ambientales y del Suelo de la Universidad de Lleida (UdL).<\/p>\n<p>Directamente vinculados a la gesti\u00f3n h\u00eddrica y energ\u00e9tica ser\u00e1 clave la participaci\u00f3n de Enric Brazis, director general de Endesa Catalunya; de Albert Moles, director general de Fuerzas El\u00e9ctricas de Andorra (FEDA) y de Arcadi Castill\u00f3, ge\u00f3grafo y presidente de la Asociaci\u00f3n Pirineus Watt. Asimismo, destaca la presencia de Juan Luis Castillo, director de Zona II de Aqualia, de Miquel Galvarriato, presidente de Aig\u00fces del Segarra Garrigues, y Oriol Mas, director territorial de Catalu\u00f1a de Aguas de Barcelona (AGBAR).<\/p>\n<p>Del mundo empresarial intervendr\u00e1n Ferran Goya, director general de Servicios y Equipamientos de Monta\u00f1a (SEMSA); Miquel Par\u00eds, presidente de Genebre Group; Gerard Estrella, director de Servicios T\u00e9cnicos de Caldea de Andorra, y Eisharc Jaquet, CEO y cofundador de la empresa Arantec Enginheria, as\u00ed como Eloi Planes, presidente de Fluidra.<\/p>\n<p>Por \u00faltimo, y no menos importante, se debatir\u00e1 sobre diversos usos del agua, como es el deportivo y ha confirmado la participaci\u00f3n Alejandro Blanco, presidente del Comit\u00e9 Ol\u00edmpico Espa\u00f1ol (COE), adem\u00e1s de Llu\u00eds Rabaneda, vicepresidente de la Federaci\u00f3n Internacional de Pirag\u00fcismo (ICF), y Gerard Figueras, ex secretario general del Deporte de la Deporte.<\/p>\n<p>Las Jornadas para la excelencia celebran este a\u00f1o la duod\u00e9cima edici\u00f3n con el t\u00edtulo &#8220;Los retos del agua. La gesti\u00f3n para un ma\u00f1ana sostenible&#8221; y tendr\u00e1n lugar en el pabell\u00f3n polideportivo de Esterri d&#8217;\u00c0neu los d\u00edas 3 y 4 de octubre. Sin embargo, en septiembre ya se celebr\u00f3 una jornada previa en Andorra y en noviembre habr\u00e1 una posterior en Val d&#8217;Aran. Estas dos sesiones son fruto de los acuerdos de colaboraci\u00f3n que la organizaci\u00f3n de las Jornadas mantiene con el Gobierno de Andorra y el Conselh Generau d&#8217;Aran.<\/p>\n<p>Las jornadas se podr\u00e1n seguir en l\u00ednea mediante la retransmisi\u00f3n en directo que har\u00e1 Lleida TV en su web. Igualmente, la sesi\u00f3n del s\u00e1bado por la ma\u00f1ana tambi\u00e9n podr\u00e1 verse en directo por Lleida TV.<\/p>","protected":false},"excerpt":{"rendered":"<p>El presidente Illa inaugurar\u00e1 la duod\u00e9cima edici\u00f3n, que contar\u00e1 con la participaci\u00f3n de los principales expertos en la gesti\u00f3n de este recurso Directivos de Endesa, ACA, Aqualia, AGBAR, Aguas del Segarra-Garrigues y de la Generalitat ser\u00e1n ponentes La clausura la har\u00e1n el ministro de Medio Ambiente de Andorra, Guillem Casal, y la s\u00edndica de Aran Maria Verg\u00e9s &nbsp; Ya est\u00e1 todo listo para empezar la duod\u00e9cima edici\u00f3n de las Jornadas para la excelencia de 2025 que como ya se ha [&hellip;]<\/p>\n","protected":false},"author":1,"featured_media":12045,"comment_status":"closed","ping_status":"closed","sticky":false,"template":"","format":"standard","meta":{"footnotes":""},"categories":[326],"tags":[],"class_list":["post-12080","post","type-post","status-publish","format-standard","has-post-thumbnail","hentry","category-general-es"],"yoast_head":"<!-- This site is optimized with the Yoast SEO plugin v27.4 - https:\/\/yoast.com\/product\/yoast-seo-wordpress\/ -->\n<title>Todo listo para iniciar las Jornadas para la excelencia dedicadas al agua - Jornades per a l&#039;excel\u00b7l\u00e8ncia<\/title>\n<meta name=\"robots\" content=\"index, follow, max-snippet:-1, max-image-preview:large, max-video-preview:-1\" \/>\n<link rel=\"canonical\" href=\"https:\/\/www.jornadesperalexcellencia.cat\/es\/todo-listo-para-iniciar-las-jornadas-para-la-excelencia-dedicadas-al-agua\/\" \/>\n<meta property=\"og:locale\" content=\"es_ES\" \/>\n<meta property=\"og:type\" content=\"article\" \/>\n<meta property=\"og:title\" content=\"Todo listo para iniciar las Jornadas para la excelencia dedicadas al agua - Jornades per a l&#039;excel\u00b7l\u00e8ncia\" \/>\n<meta property=\"og:description\" content=\"El presidente Illa inaugurar\u00e1 la duod\u00e9cima edici\u00f3n, que contar\u00e1 con la participaci\u00f3n de los principales expertos en la gesti\u00f3n de este recurso Directivos de Endesa, ACA, Aqualia, AGBAR, Aguas del Segarra-Garrigues y de la Generalitat ser\u00e1n ponentes La clausura la har\u00e1n el ministro de Medio Ambiente de Andorra, Guillem Casal, y la s\u00edndica de Aran Maria Verg\u00e9s &nbsp; Ya est\u00e1 todo listo para empezar la duod\u00e9cima edici\u00f3n de las Jornadas para la excelencia de 2025 que como ya se ha [&hellip;]\" \/>\n<meta property=\"og:url\" content=\"https:\/\/www.jornadesperalexcellencia.cat\/es\/todo-listo-para-iniciar-las-jornadas-para-la-excelencia-dedicadas-al-agua\/\" \/>\n<meta property=\"og:site_name\" content=\"Jornades per a l&#039;excel\u00b7l\u00e8ncia\" \/>\n<meta property=\"article:published_time\" content=\"2025-09-30T07:55:33+00:00\" \/>\n<meta property=\"article:modified_time\" content=\"2025-10-10T07:57:32+00:00\" \/>\n<meta property=\"og:image\" content=\"https:\/\/www.jornadesperalexcellencia.cat\/wp-content\/uploads\/2025\/10\/2025-Jornades-excellencia-pirineu-20.png\" \/>\n\t<meta property=\"og:image:width\" content=\"900\" \/>\n\t<meta property=\"og:image:height\" content=\"600\" \/>\n\t<meta property=\"og:image:type\" content=\"image\/png\" \/>\n<meta name=\"author\" content=\"PCadmin-jx\" \/>\n<meta name=\"twitter:card\" content=\"summary_large_image\" \/>\n<meta name=\"twitter:label1\" content=\"Escrito por\" \/>\n\t<meta name=\"twitter:data1\" content=\"PCadmin-jx\" \/>\n\t<meta name=\"twitter:label2\" content=\"Tiempo de lectura\" \/>\n\t<meta name=\"twitter:data2\" content=\"4 minutos\" \/>\n<script type=\"application\/ld+json\" class=\"yoast-schema-graph\">{\"@context\":\"https:\\\/\\\/schema.org\",\"@graph\":[{\"@type\":\"Article\",\"@id\":\"https:\\\/\\\/www.jornadesperalexcellencia.cat\\\/es\\\/todo-listo-para-iniciar-las-jornadas-para-la-excelencia-dedicadas-al-agua\\\/#article\",\"isPartOf\":{\"@id\":\"https:\\\/\\\/www.jornadesperalexcellencia.cat\\\/es\\\/todo-listo-para-iniciar-las-jornadas-para-la-excelencia-dedicadas-al-agua\\\/\"},\"author\":{\"name\":\"PCadmin-jx\",\"@id\":\"https:\\\/\\\/www.jornadesperalexcellencia.cat\\\/es\\\/#\\\/schema\\\/person\\\/647af0bd5b91e43a5f04ee7b596bf2ca\"},\"headline\":\"Todo listo para iniciar las Jornadas para la excelencia dedicadas al agua\",\"datePublished\":\"2025-09-30T07:55:33+00:00\",\"dateModified\":\"2025-10-10T07:57:32+00:00\",\"mainEntityOfPage\":{\"@id\":\"https:\\\/\\\/www.jornadesperalexcellencia.cat\\\/es\\\/todo-listo-para-iniciar-las-jornadas-para-la-excelencia-dedicadas-al-agua\\\/\"},\"wordCount\":829,\"image\":{\"@id\":\"https:\\\/\\\/www.jornadesperalexcellencia.cat\\\/es\\\/todo-listo-para-iniciar-las-jornadas-para-la-excelencia-dedicadas-al-agua\\\/#primaryimage\"},\"thumbnailUrl\":\"https:\\\/\\\/www.jornadesperalexcellencia.cat\\\/wp-content\\\/uploads\\\/2025\\\/10\\\/2025-Jornades-excellencia-pirineu-20.png\",\"articleSection\":[\"General\"],\"inLanguage\":\"es\"},{\"@type\":\"WebPage\",\"@id\":\"https:\\\/\\\/www.jornadesperalexcellencia.cat\\\/es\\\/todo-listo-para-iniciar-las-jornadas-para-la-excelencia-dedicadas-al-agua\\\/\",\"url\":\"https:\\\/\\\/www.jornadesperalexcellencia.cat\\\/es\\\/todo-listo-para-iniciar-las-jornadas-para-la-excelencia-dedicadas-al-agua\\\/\",\"name\":\"Todo listo para iniciar las Jornadas para la excelencia dedicadas al agua - Jornades per a l&#039;excel\u00b7l\u00e8ncia\",\"isPartOf\":{\"@id\":\"https:\\\/\\\/www.jornadesperalexcellencia.cat\\\/es\\\/#website\"},\"primaryImageOfPage\":{\"@id\":\"https:\\\/\\\/www.jornadesperalexcellencia.cat\\\/es\\\/todo-listo-para-iniciar-las-jornadas-para-la-excelencia-dedicadas-al-agua\\\/#primaryimage\"},\"image\":{\"@id\":\"https:\\\/\\\/www.jornadesperalexcellencia.cat\\\/es\\\/todo-listo-para-iniciar-las-jornadas-para-la-excelencia-dedicadas-al-agua\\\/#primaryimage\"},\"thumbnailUrl\":\"https:\\\/\\\/www.jornadesperalexcellencia.cat\\\/wp-content\\\/uploads\\\/2025\\\/10\\\/2025-Jornades-excellencia-pirineu-20.png\",\"datePublished\":\"2025-09-30T07:55:33+00:00\",\"dateModified\":\"2025-10-10T07:57:32+00:00\",\"author\":{\"@id\":\"https:\\\/\\\/www.jornadesperalexcellencia.cat\\\/es\\\/#\\\/schema\\\/person\\\/647af0bd5b91e43a5f04ee7b596bf2ca\"},\"breadcrumb\":{\"@id\":\"https:\\\/\\\/www.jornadesperalexcellencia.cat\\\/es\\\/todo-listo-para-iniciar-las-jornadas-para-la-excelencia-dedicadas-al-agua\\\/#breadcrumb\"},\"inLanguage\":\"es\",\"potentialAction\":[{\"@type\":\"ReadAction\",\"target\":[\"https:\\\/\\\/www.jornadesperalexcellencia.cat\\\/es\\\/todo-listo-para-iniciar-las-jornadas-para-la-excelencia-dedicadas-al-agua\\\/\"]}]},{\"@type\":\"ImageObject\",\"inLanguage\":\"es\",\"@id\":\"https:\\\/\\\/www.jornadesperalexcellencia.cat\\\/es\\\/todo-listo-para-iniciar-las-jornadas-para-la-excelencia-dedicadas-al-agua\\\/#primaryimage\",\"url\":\"https:\\\/\\\/www.jornadesperalexcellencia.cat\\\/wp-content\\\/uploads\\\/2025\\\/10\\\/2025-Jornades-excellencia-pirineu-20.png\",\"contentUrl\":\"https:\\\/\\\/www.jornadesperalexcellencia.cat\\\/wp-content\\\/uploads\\\/2025\\\/10\\\/2025-Jornades-excellencia-pirineu-20.png\",\"width\":900,\"height\":600},{\"@type\":\"BreadcrumbList\",\"@id\":\"https:\\\/\\\/www.jornadesperalexcellencia.cat\\\/es\\\/todo-listo-para-iniciar-las-jornadas-para-la-excelencia-dedicadas-al-agua\\\/#breadcrumb\",\"itemListElement\":[{\"@type\":\"ListItem\",\"position\":1,\"name\":\"Inici\",\"item\":\"https:\\\/\\\/www.jornadesperalexcellencia.cat\\\/es\\\/inicio\\\/\"},{\"@type\":\"ListItem\",\"position\":2,\"name\":\"Todo listo para iniciar las Jornadas para la excelencia dedicadas al agua\"}]},{\"@type\":\"WebSite\",\"@id\":\"https:\\\/\\\/www.jornadesperalexcellencia.cat\\\/es\\\/#website\",\"url\":\"https:\\\/\\\/www.jornadesperalexcellencia.cat\\\/es\\\/\",\"name\":\"Jornades per a l&#039;excel\u00b7l\u00e8ncia\",\"description\":\"Confer\u00e8ncies anuals per al progr\u00e9s i desenvolupament dels territoris del Pirineu. Esterri d&#039;\u00c0neu i Andorra.\",\"alternateName\":\"Jornades per a l'excel\u00b7l\u00e8ncia\",\"potentialAction\":[{\"@type\":\"SearchAction\",\"target\":{\"@type\":\"EntryPoint\",\"urlTemplate\":\"https:\\\/\\\/www.jornadesperalexcellencia.cat\\\/es\\\/?s={search_term_string}\"},\"query-input\":{\"@type\":\"PropertyValueSpecification\",\"valueRequired\":true,\"valueName\":\"search_term_string\"}}],\"inLanguage\":\"es\"},{\"@type\":\"Person\",\"@id\":\"https:\\\/\\\/www.jornadesperalexcellencia.cat\\\/es\\\/#\\\/schema\\\/person\\\/647af0bd5b91e43a5f04ee7b596bf2ca\",\"name\":\"PCadmin-jx\",\"sameAs\":[\"https:\\\/\\\/www.jornadesperalexcellencia.cat\"],\"url\":\"https:\\\/\\\/www.jornadesperalexcellencia.cat\\\/es\\\/author\\\/pcadmin-jx\\\/\"}]}<\/script>\n<!-- \/ Yoast SEO plugin. -->","yoast_head_json":{"title":"Todo listo para iniciar las Jornadas para la excelencia dedicadas al agua - Jornades per a l&#039;excel\u00b7l\u00e8ncia","robots":{"index":"index","follow":"follow","max-snippet":"max-snippet:-1","max-image-preview":"max-image-preview:large","max-video-preview":"max-video-preview:-1"},"canonical":"https:\/\/www.jornadesperalexcellencia.cat\/es\/todo-listo-para-iniciar-las-jornadas-para-la-excelencia-dedicadas-al-agua\/","og_locale":"es_ES","og_type":"article","og_title":"Todo listo para iniciar las Jornadas para la excelencia dedicadas al agua - Jornades per a l&#039;excel\u00b7l\u00e8ncia","og_description":"El presidente Illa inaugurar\u00e1 la duod\u00e9cima edici\u00f3n, que contar\u00e1 con la participaci\u00f3n de los principales expertos en la gesti\u00f3n de este recurso Directivos de Endesa, ACA, Aqualia, AGBAR, Aguas del Segarra-Garrigues y de la Generalitat ser\u00e1n ponentes La clausura la har\u00e1n el ministro de Medio Ambiente de Andorra, Guillem Casal, y la s\u00edndica de Aran Maria Verg\u00e9s &nbsp; Ya est\u00e1 todo listo para empezar la duod\u00e9cima edici\u00f3n de las Jornadas para la excelencia de 2025 que como ya se ha [&hellip;]","og_url":"https:\/\/www.jornadesperalexcellencia.cat\/es\/todo-listo-para-iniciar-las-jornadas-para-la-excelencia-dedicadas-al-agua\/","og_site_name":"Jornades per a l&#039;excel\u00b7l\u00e8ncia","article_published_time":"2025-09-30T07:55:33+00:00","article_modified_time":"2025-10-10T07:57:32+00:00","og_image":[{"width":900,"height":600,"url":"https:\/\/www.jornadesperalexcellencia.cat\/wp-content\/uploads\/2025\/10\/2025-Jornades-excellencia-pirineu-20.png","type":"image\/png"}],"author":"PCadmin-jx","twitter_card":"summary_large_image","twitter_misc":{"Escrito por":"PCadmin-jx","Tiempo de lectura":"4 minutos"},"schema":{"@context":"https:\/\/schema.org","@graph":[{"@type":"Article","@id":"https:\/\/www.jornadesperalexcellencia.cat\/es\/todo-listo-para-iniciar-las-jornadas-para-la-excelencia-dedicadas-al-agua\/#article","isPartOf":{"@id":"https:\/\/www.jornadesperalexcellencia.cat\/es\/todo-listo-para-iniciar-las-jornadas-para-la-excelencia-dedicadas-al-agua\/"},"author":{"name":"PCadmin-jx","@id":"https:\/\/www.jornadesperalexcellencia.cat\/es\/#\/schema\/person\/647af0bd5b91e43a5f04ee7b596bf2ca"},"headline":"Todo listo para iniciar las Jornadas para la excelencia dedicadas al agua","datePublished":"2025-09-30T07:55:33+00:00","dateModified":"2025-10-10T07:57:32+00:00","mainEntityOfPage":{"@id":"https:\/\/www.jornadesperalexcellencia.cat\/es\/todo-listo-para-iniciar-las-jornadas-para-la-excelencia-dedicadas-al-agua\/"},"wordCount":829,"image":{"@id":"https:\/\/www.jornadesperalexcellencia.cat\/es\/todo-listo-para-iniciar-las-jornadas-para-la-excelencia-dedicadas-al-agua\/#primaryimage"},"thumbnailUrl":"https:\/\/www.jornadesperalexcellencia.cat\/wp-content\/uploads\/2025\/10\/2025-Jornades-excellencia-pirineu-20.png","articleSection":["General"],"inLanguage":"es"},{"@type":"WebPage","@id":"https:\/\/www.jornadesperalexcellencia.cat\/es\/todo-listo-para-iniciar-las-jornadas-para-la-excelencia-dedicadas-al-agua\/","url":"https:\/\/www.jornadesperalexcellencia.cat\/es\/todo-listo-para-iniciar-las-jornadas-para-la-excelencia-dedicadas-al-agua\/","name":"Todo listo para iniciar las Jornadas para la excelencia dedicadas al agua - Jornades per a l&#039;excel\u00b7l\u00e8ncia","isPartOf":{"@id":"https:\/\/www.jornadesperalexcellencia.cat\/es\/#website"},"primaryImageOfPage":{"@id":"https:\/\/www.jornadesperalexcellencia.cat\/es\/todo-listo-para-iniciar-las-jornadas-para-la-excelencia-dedicadas-al-agua\/#primaryimage"},"image":{"@id":"https:\/\/www.jornadesperalexcellencia.cat\/es\/todo-listo-para-iniciar-las-jornadas-para-la-excelencia-dedicadas-al-agua\/#primaryimage"},"thumbnailUrl":"https:\/\/www.jornadesperalexcellencia.cat\/wp-content\/uploads\/2025\/10\/2025-Jornades-excellencia-pirineu-20.png","datePublished":"2025-09-30T07:55:33+00:00","dateModified":"2025-10-10T07:57:32+00:00","author":{"@id":"https:\/\/www.jornadesperalexcellencia.cat\/es\/#\/schema\/person\/647af0bd5b91e43a5f04ee7b596bf2ca"},"breadcrumb":{"@id":"https:\/\/www.jornadesperalexcellencia.cat\/es\/todo-listo-para-iniciar-las-jornadas-para-la-excelencia-dedicadas-al-agua\/#breadcrumb"},"inLanguage":"es","potentialAction":[{"@type":"ReadAction","target":["https:\/\/www.jornadesperalexcellencia.cat\/es\/todo-listo-para-iniciar-las-jornadas-para-la-excelencia-dedicadas-al-agua\/"]}]},{"@type":"ImageObject","inLanguage":"es","@id":"https:\/\/www.jornadesperalexcellencia.cat\/es\/todo-listo-para-iniciar-las-jornadas-para-la-excelencia-dedicadas-al-agua\/#primaryimage","url":"https:\/\/www.jornadesperalexcellencia.cat\/wp-content\/uploads\/2025\/10\/2025-Jornades-excellencia-pirineu-20.png","contentUrl":"https:\/\/www.jornadesperalexcellencia.cat\/wp-content\/uploads\/2025\/10\/2025-Jornades-excellencia-pirineu-20.png","width":900,"height":600},{"@type":"BreadcrumbList","@id":"https:\/\/www.jornadesperalexcellencia.cat\/es\/todo-listo-para-iniciar-las-jornadas-para-la-excelencia-dedicadas-al-agua\/#breadcrumb","itemListElement":[{"@type":"ListItem","position":1,"name":"Inici","item":"https:\/\/www.jornadesperalexcellencia.cat\/es\/inicio\/"},{"@type":"ListItem","position":2,"name":"Todo listo para iniciar las Jornadas para la excelencia dedicadas al agua"}]},{"@type":"WebSite","@id":"https:\/\/www.jornadesperalexcellencia.cat\/es\/#website","url":"https:\/\/www.jornadesperalexcellencia.cat\/es\/","name":"Jornades per a l&#039;excel\u00b7l\u00e8ncia","description":"Confer\u00e8ncies anuals per al progr\u00e9s i desenvolupament dels territoris del Pirineu. Esterri d&#039;\u00c0neu i Andorra.","alternateName":"Jornades per a l'excel\u00b7l\u00e8ncia","potentialAction":[{"@type":"SearchAction","target":{"@type":"EntryPoint","urlTemplate":"https:\/\/www.jornadesperalexcellencia.cat\/es\/?s={search_term_string}"},"query-input":{"@type":"PropertyValueSpecification","valueRequired":true,"valueName":"search_term_string"}}],"inLanguage":"es"},{"@type":"Person","@id":"https:\/\/www.jornadesperalexcellencia.cat\/es\/#\/schema\/person\/647af0bd5b91e43a5f04ee7b596bf2ca","name":"PCadmin-jx","sameAs":["https:\/\/www.jornadesperalexcellencia.cat"],"url":"https:\/\/www.jornadesperalexcellencia.cat\/es\/author\/pcadmin-jx\/"}]}},"_links":{"self":[{"href":"https:\/\/www.jornadesperalexcellencia.cat\/es\/wp-json\/wp\/v2\/posts\/12080","targetHints":{"allow":["GET"]}}],"collection":[{"href":"https:\/\/www.jornadesperalexcellencia.cat\/es\/wp-json\/wp\/v2\/posts"}],"about":[{"href":"https:\/\/www.jornadesperalexcellencia.cat\/es\/wp-json\/wp\/v2\/types\/post"}],"author":[{"embeddable":true,"href":"https:\/\/www.jornadesperalexcellencia.cat\/es\/wp-json\/wp\/v2\/users\/1"}],"replies":[{"embeddable":true,"href":"https:\/\/www.jornadesperalexcellencia.cat\/es\/wp-json\/wp\/v2\/comments?post=12080"}],"version-history":[{"count":2,"href":"https:\/\/www.jornadesperalexcellencia.cat\/es\/wp-json\/wp\/v2\/posts\/12080\/revisions"}],"predecessor-version":[{"id":12084,"href":"https:\/\/www.jornadesperalexcellencia.cat\/es\/wp-json\/wp\/v2\/posts\/12080\/revisions\/12084"}],"wp:featuredmedia":[{"embeddable":true,"href":"https:\/\/www.jornadesperalexcellencia.cat\/es\/wp-json\/wp\/v2\/media\/12045"}],"wp:attachment":[{"href":"https:\/\/www.jornadesperalexcellencia.cat\/es\/wp-json\/wp\/v2\/media?parent=12080"}],"wp:term":[{"taxonomy":"category","embeddable":true,"href":"https:\/\/www.jornadesperalexcellencia.cat\/es\/wp-json\/wp\/v2\/categories?post=12080"},{"taxonomy":"post_tag","embeddable":true,"href":"https:\/\/www.jornadesperalexcellencia.cat\/es\/wp-json\/wp\/v2\/tags?post=12080"}],"curies":[{"name":"wp","href":"https:\/\/api.w.org\/{rel}","templated":true}]}}