{"id":12071,"date":"2025-07-17T10:55:00","date_gmt":"2025-07-17T08:55:00","guid":{"rendered":"https:\/\/www.jornadesperalexcellencia.cat\/?p=12071"},"modified":"2025-10-08T10:55:58","modified_gmt":"2025-10-08T08:55:58","slug":"un-grupo-de-embajadores-difundira-los-valores-y-el-compromiso-de-las-jornadas-para-la-excelencia","status":"publish","type":"post","link":"https:\/\/www.jornadesperalexcellencia.cat\/es\/un-grupo-de-embajadores-difundira-los-valores-y-el-compromiso-de-las-jornadas-para-la-excelencia\/","title":{"rendered":"Un grupo de embajadores difundir\u00e1 los valores y el compromiso de las Jornadas para la Excelencia"},"content":{"rendered":"<h2 style=\"font-size: 20px;\">Formado por prestigiosos profesionales y expertos referentes en diversos \u00e1mbitos y territorios<\/h2>\n<p>Un grupo de embajadores y embajadoras de las Jornadas para la Excelencia se encargar\u00e1 de difundir los valores, mensaje y compromiso de este evento que cada a\u00f1o aporta reflexi\u00f3n, debate y propuestas sobre el futuro del Pirineo.<\/p>\n<p>Hace pocos d\u00edas se celebr\u00f3 en Barcelona la primera reuni\u00f3n de este nuevo grupo, con algunos de los embajadores conectados remotamente, en lo que supuso el inicio de una nueva etapa de impulso y conexi\u00f3n con el Pirineo.<\/p>\n<p>El presidente de las Jornadas para la Excelencia, Jes\u00fas Montoliu, ha explicado que este a\u00f1o se estrena esta iniciativa &#8220;con la voluntad de que embajadoras y embajadores sean una figura clave del proyecto. Son un gran equipo de personas comprometidas que nos ayudar\u00e1n a hacer crecer las Jornadas difundiendo los valores, el mensaje y el compromiso que nos definen&#8221;.<\/p>\n<p>Se trata de personas de gran prestigio que son referentes en diversos \u00e1mbitos y territorios y que aportar\u00e1n su trayectoria y experiencia profesional y personal a la difusi\u00f3n de las Jornadas para la Excelencia. Ayudar\u00e1n con su visi\u00f3n y experiencia desde los \u00e1mbitos empresarial, educativo, social, deportivo, cultural y de la comunicaci\u00f3n, y contribuir\u00e1n activamente a la reflexi\u00f3n sobre los grandes retos del Pirineo<\/p>\n<p>Los embajadores y embajadoras de las Jornadas para la Excelencia son actualmente:<br \/>\n\u2013 N\u00faria Cerv\u00f3s: Presidenta de la Federaci\u00f3n de Gremios de la Construcci\u00f3n de Lleida y CEO del Grupo Cerv\u00f3s.<br \/>\n\u2013 Josep Roset: Presidente de CIES Fundaci\u00f3, para la inclusi\u00f3n laboral de personas con discapacidad y para el desarrollo de los Centros Especiales de Trabajo.<br \/>\n\u2013 Oriol Amat: Economista, catedr\u00e1tico de Econom\u00eda Financiera y Contabilidad y exrector de la Universidad Pompeu Fabra.<br \/>\n\u2013 Ra\u00fcl Bobet: Ingeniero qu\u00edmico, en\u00f3logo y empresario catal\u00e1n. Vinatero de la bodega Castell d&#8217;Enc\u00fas, en el Pallars, y director general Miquel Torres SA.<br \/>\n\u2013 Roser Roca: Ingeniera de telecomunicaciones nacida en Tremp y actual directora general y CEO de Airbus GeoTech, la divisi\u00f3n de servicios digitales geoespaciales de la multinacional Airbus.<br \/>\n\u2013 Josep Gonz\u00e1lez: Empresario nacido en Llimiana y presidente de la Fundaci\u00f3n PIMEC, patronal catalana que presidi\u00f3 durante 30 a\u00f1os.<br \/>\n\u2013 Quim Boixareu: Empresario. CEO de Irestal Group, multinacional catalana dedicada al procesamiento y distribuci\u00f3n de acero inoxidable.<\/p>\n<p>Cabe decir que se trabaja para completar este equipo de embajadores y embajadoras con algunas personas m\u00e1s para terminar de abrazar todos los \u00e1mbitos de la sociedad.<\/p>\n<p>Las Jornadas para la Excelencia de 2025 llegan este a\u00f1o a la duod\u00e9cima edici\u00f3n y se celebrar\u00e1n los d\u00edas 3 y 4 de octubre en Esterri d&#8217;\u00c0neu (Pallars Sobir\u00e0). Igualmente, habr\u00e1 una sesi\u00f3n previa en Andorra y una posterior en la Val d&#8217;Aran. Las Jornadas de este a\u00f1o se dedicar\u00e1n a tratar sobre el agua en todas sus vertientes con el t\u00edtulo &#8220;Los retos del agua. La gesti\u00f3n para un ma\u00f1ana sostenible&#8221;.<\/p>","protected":false},"excerpt":{"rendered":"<p>Formado por prestigiosos profesionales y expertos referentes en diversos \u00e1mbitos y territorios Un grupo de embajadores y embajadoras de las Jornadas para la Excelencia se encargar\u00e1 de difundir los valores, mensaje y compromiso de este evento que cada a\u00f1o aporta reflexi\u00f3n, debate y propuestas sobre el futuro del Pirineo. Hace pocos d\u00edas se celebr\u00f3 en Barcelona la primera reuni\u00f3n de este nuevo grupo, con algunos de los embajadores conectados remotamente, en lo que supuso el inicio de una nueva etapa [&hellip;]<\/p>\n","protected":false},"author":1,"featured_media":12044,"comment_status":"closed","ping_status":"closed","sticky":false,"template":"","format":"standard","meta":{"footnotes":""},"categories":[326],"tags":[],"class_list":["post-12071","post","type-post","status-publish","format-standard","has-post-thumbnail","hentry","category-general-es"],"yoast_head":"<!-- This site is optimized with the Yoast SEO plugin v27.4 - https:\/\/yoast.com\/product\/yoast-seo-wordpress\/ -->\n<title>Un grupo de embajadores difundir\u00e1 los valores y el compromiso de las Jornadas para la Excelencia - Jornades per a l&#039;excel\u00b7l\u00e8ncia<\/title>\n<meta name=\"robots\" content=\"index, follow, max-snippet:-1, max-image-preview:large, max-video-preview:-1\" \/>\n<link rel=\"canonical\" href=\"https:\/\/www.jornadesperalexcellencia.cat\/es\/un-grupo-de-embajadores-difundira-los-valores-y-el-compromiso-de-las-jornadas-para-la-excelencia\/\" \/>\n<meta property=\"og:locale\" content=\"es_ES\" \/>\n<meta property=\"og:type\" content=\"article\" \/>\n<meta property=\"og:title\" content=\"Un grupo de embajadores difundir\u00e1 los valores y el compromiso de las Jornadas para la Excelencia - Jornades per a l&#039;excel\u00b7l\u00e8ncia\" \/>\n<meta property=\"og:description\" content=\"Formado por prestigiosos profesionales y expertos referentes en diversos \u00e1mbitos y territorios Un grupo de embajadores y embajadoras de las Jornadas para la Excelencia se encargar\u00e1 de difundir los valores, mensaje y compromiso de este evento que cada a\u00f1o aporta reflexi\u00f3n, debate y propuestas sobre el futuro del Pirineo. Hace pocos d\u00edas se celebr\u00f3 en Barcelona la primera reuni\u00f3n de este nuevo grupo, con algunos de los embajadores conectados remotamente, en lo que supuso el inicio de una nueva etapa [&hellip;]\" \/>\n<meta property=\"og:url\" content=\"https:\/\/www.jornadesperalexcellencia.cat\/es\/un-grupo-de-embajadores-difundira-los-valores-y-el-compromiso-de-las-jornadas-para-la-excelencia\/\" \/>\n<meta property=\"og:site_name\" content=\"Jornades per a l&#039;excel\u00b7l\u00e8ncia\" \/>\n<meta property=\"article:published_time\" content=\"2025-07-17T08:55:00+00:00\" \/>\n<meta property=\"article:modified_time\" content=\"2025-10-08T08:55:58+00:00\" \/>\n<meta property=\"og:image\" content=\"https:\/\/www.jornadesperalexcellencia.cat\/wp-content\/uploads\/2025\/10\/2025-Jornades-excellencia-pirineu-19.png\" \/>\n\t<meta property=\"og:image:width\" content=\"900\" \/>\n\t<meta property=\"og:image:height\" content=\"600\" \/>\n\t<meta property=\"og:image:type\" content=\"image\/png\" \/>\n<meta name=\"author\" content=\"PCadmin-jx\" \/>\n<meta name=\"twitter:card\" content=\"summary_large_image\" \/>\n<meta name=\"twitter:label1\" content=\"Escrito por\" \/>\n\t<meta name=\"twitter:data1\" content=\"PCadmin-jx\" \/>\n\t<meta name=\"twitter:label2\" content=\"Tiempo de lectura\" \/>\n\t<meta name=\"twitter:data2\" content=\"3 minutos\" \/>\n<script type=\"application\/ld+json\" class=\"yoast-schema-graph\">{\"@context\":\"https:\\\/\\\/schema.org\",\"@graph\":[{\"@type\":\"Article\",\"@id\":\"https:\\\/\\\/www.jornadesperalexcellencia.cat\\\/es\\\/un-grupo-de-embajadores-difundira-los-valores-y-el-compromiso-de-las-jornadas-para-la-excelencia\\\/#article\",\"isPartOf\":{\"@id\":\"https:\\\/\\\/www.jornadesperalexcellencia.cat\\\/es\\\/un-grupo-de-embajadores-difundira-los-valores-y-el-compromiso-de-las-jornadas-para-la-excelencia\\\/\"},\"author\":{\"name\":\"PCadmin-jx\",\"@id\":\"https:\\\/\\\/www.jornadesperalexcellencia.cat\\\/es\\\/#\\\/schema\\\/person\\\/647af0bd5b91e43a5f04ee7b596bf2ca\"},\"headline\":\"Un grupo de embajadores difundir\u00e1 los valores y el compromiso de las Jornadas para la Excelencia\",\"datePublished\":\"2025-07-17T08:55:00+00:00\",\"dateModified\":\"2025-10-08T08:55:58+00:00\",\"mainEntityOfPage\":{\"@id\":\"https:\\\/\\\/www.jornadesperalexcellencia.cat\\\/es\\\/un-grupo-de-embajadores-difundira-los-valores-y-el-compromiso-de-las-jornadas-para-la-excelencia\\\/\"},\"wordCount\":523,\"image\":{\"@id\":\"https:\\\/\\\/www.jornadesperalexcellencia.cat\\\/es\\\/un-grupo-de-embajadores-difundira-los-valores-y-el-compromiso-de-las-jornadas-para-la-excelencia\\\/#primaryimage\"},\"thumbnailUrl\":\"https:\\\/\\\/www.jornadesperalexcellencia.cat\\\/wp-content\\\/uploads\\\/2025\\\/10\\\/2025-Jornades-excellencia-pirineu-19.png\",\"articleSection\":[\"General\"],\"inLanguage\":\"es\"},{\"@type\":\"WebPage\",\"@id\":\"https:\\\/\\\/www.jornadesperalexcellencia.cat\\\/es\\\/un-grupo-de-embajadores-difundira-los-valores-y-el-compromiso-de-las-jornadas-para-la-excelencia\\\/\",\"url\":\"https:\\\/\\\/www.jornadesperalexcellencia.cat\\\/es\\\/un-grupo-de-embajadores-difundira-los-valores-y-el-compromiso-de-las-jornadas-para-la-excelencia\\\/\",\"name\":\"Un grupo de embajadores difundir\u00e1 los valores y el compromiso de las Jornadas para la Excelencia - Jornades per a l&#039;excel\u00b7l\u00e8ncia\",\"isPartOf\":{\"@id\":\"https:\\\/\\\/www.jornadesperalexcellencia.cat\\\/es\\\/#website\"},\"primaryImageOfPage\":{\"@id\":\"https:\\\/\\\/www.jornadesperalexcellencia.cat\\\/es\\\/un-grupo-de-embajadores-difundira-los-valores-y-el-compromiso-de-las-jornadas-para-la-excelencia\\\/#primaryimage\"},\"image\":{\"@id\":\"https:\\\/\\\/www.jornadesperalexcellencia.cat\\\/es\\\/un-grupo-de-embajadores-difundira-los-valores-y-el-compromiso-de-las-jornadas-para-la-excelencia\\\/#primaryimage\"},\"thumbnailUrl\":\"https:\\\/\\\/www.jornadesperalexcellencia.cat\\\/wp-content\\\/uploads\\\/2025\\\/10\\\/2025-Jornades-excellencia-pirineu-19.png\",\"datePublished\":\"2025-07-17T08:55:00+00:00\",\"dateModified\":\"2025-10-08T08:55:58+00:00\",\"author\":{\"@id\":\"https:\\\/\\\/www.jornadesperalexcellencia.cat\\\/es\\\/#\\\/schema\\\/person\\\/647af0bd5b91e43a5f04ee7b596bf2ca\"},\"breadcrumb\":{\"@id\":\"https:\\\/\\\/www.jornadesperalexcellencia.cat\\\/es\\\/un-grupo-de-embajadores-difundira-los-valores-y-el-compromiso-de-las-jornadas-para-la-excelencia\\\/#breadcrumb\"},\"inLanguage\":\"es\",\"potentialAction\":[{\"@type\":\"ReadAction\",\"target\":[\"https:\\\/\\\/www.jornadesperalexcellencia.cat\\\/es\\\/un-grupo-de-embajadores-difundira-los-valores-y-el-compromiso-de-las-jornadas-para-la-excelencia\\\/\"]}]},{\"@type\":\"ImageObject\",\"inLanguage\":\"es\",\"@id\":\"https:\\\/\\\/www.jornadesperalexcellencia.cat\\\/es\\\/un-grupo-de-embajadores-difundira-los-valores-y-el-compromiso-de-las-jornadas-para-la-excelencia\\\/#primaryimage\",\"url\":\"https:\\\/\\\/www.jornadesperalexcellencia.cat\\\/wp-content\\\/uploads\\\/2025\\\/10\\\/2025-Jornades-excellencia-pirineu-19.png\",\"contentUrl\":\"https:\\\/\\\/www.jornadesperalexcellencia.cat\\\/wp-content\\\/uploads\\\/2025\\\/10\\\/2025-Jornades-excellencia-pirineu-19.png\",\"width\":900,\"height\":600},{\"@type\":\"BreadcrumbList\",\"@id\":\"https:\\\/\\\/www.jornadesperalexcellencia.cat\\\/es\\\/un-grupo-de-embajadores-difundira-los-valores-y-el-compromiso-de-las-jornadas-para-la-excelencia\\\/#breadcrumb\",\"itemListElement\":[{\"@type\":\"ListItem\",\"position\":1,\"name\":\"Inici\",\"item\":\"https:\\\/\\\/www.jornadesperalexcellencia.cat\\\/es\\\/inicio\\\/\"},{\"@type\":\"ListItem\",\"position\":2,\"name\":\"Un grupo de embajadores difundir\u00e1 los valores y el compromiso de las Jornadas para la Excelencia\"}]},{\"@type\":\"WebSite\",\"@id\":\"https:\\\/\\\/www.jornadesperalexcellencia.cat\\\/es\\\/#website\",\"url\":\"https:\\\/\\\/www.jornadesperalexcellencia.cat\\\/es\\\/\",\"name\":\"Jornades per a l&#039;excel\u00b7l\u00e8ncia\",\"description\":\"Confer\u00e8ncies anuals per al progr\u00e9s i desenvolupament dels territoris del Pirineu. Esterri d&#039;\u00c0neu i Andorra.\",\"alternateName\":\"Jornades per a l'excel\u00b7l\u00e8ncia\",\"potentialAction\":[{\"@type\":\"SearchAction\",\"target\":{\"@type\":\"EntryPoint\",\"urlTemplate\":\"https:\\\/\\\/www.jornadesperalexcellencia.cat\\\/es\\\/?s={search_term_string}\"},\"query-input\":{\"@type\":\"PropertyValueSpecification\",\"valueRequired\":true,\"valueName\":\"search_term_string\"}}],\"inLanguage\":\"es\"},{\"@type\":\"Person\",\"@id\":\"https:\\\/\\\/www.jornadesperalexcellencia.cat\\\/es\\\/#\\\/schema\\\/person\\\/647af0bd5b91e43a5f04ee7b596bf2ca\",\"name\":\"PCadmin-jx\",\"sameAs\":[\"https:\\\/\\\/www.jornadesperalexcellencia.cat\"],\"url\":\"https:\\\/\\\/www.jornadesperalexcellencia.cat\\\/es\\\/author\\\/pcadmin-jx\\\/\"}]}<\/script>\n<!-- \/ Yoast SEO plugin. -->","yoast_head_json":{"title":"Un grupo de embajadores difundir\u00e1 los valores y el compromiso de las Jornadas para la Excelencia - Jornades per a l&#039;excel\u00b7l\u00e8ncia","robots":{"index":"index","follow":"follow","max-snippet":"max-snippet:-1","max-image-preview":"max-image-preview:large","max-video-preview":"max-video-preview:-1"},"canonical":"https:\/\/www.jornadesperalexcellencia.cat\/es\/un-grupo-de-embajadores-difundira-los-valores-y-el-compromiso-de-las-jornadas-para-la-excelencia\/","og_locale":"es_ES","og_type":"article","og_title":"Un grupo de embajadores difundir\u00e1 los valores y el compromiso de las Jornadas para la Excelencia - Jornades per a l&#039;excel\u00b7l\u00e8ncia","og_description":"Formado por prestigiosos profesionales y expertos referentes en diversos \u00e1mbitos y territorios Un grupo de embajadores y embajadoras de las Jornadas para la Excelencia se encargar\u00e1 de difundir los valores, mensaje y compromiso de este evento que cada a\u00f1o aporta reflexi\u00f3n, debate y propuestas sobre el futuro del Pirineo. Hace pocos d\u00edas se celebr\u00f3 en Barcelona la primera reuni\u00f3n de este nuevo grupo, con algunos de los embajadores conectados remotamente, en lo que supuso el inicio de una nueva etapa [&hellip;]","og_url":"https:\/\/www.jornadesperalexcellencia.cat\/es\/un-grupo-de-embajadores-difundira-los-valores-y-el-compromiso-de-las-jornadas-para-la-excelencia\/","og_site_name":"Jornades per a l&#039;excel\u00b7l\u00e8ncia","article_published_time":"2025-07-17T08:55:00+00:00","article_modified_time":"2025-10-08T08:55:58+00:00","og_image":[{"width":900,"height":600,"url":"https:\/\/www.jornadesperalexcellencia.cat\/wp-content\/uploads\/2025\/10\/2025-Jornades-excellencia-pirineu-19.png","type":"image\/png"}],"author":"PCadmin-jx","twitter_card":"summary_large_image","twitter_misc":{"Escrito por":"PCadmin-jx","Tiempo de lectura":"3 minutos"},"schema":{"@context":"https:\/\/schema.org","@graph":[{"@type":"Article","@id":"https:\/\/www.jornadesperalexcellencia.cat\/es\/un-grupo-de-embajadores-difundira-los-valores-y-el-compromiso-de-las-jornadas-para-la-excelencia\/#article","isPartOf":{"@id":"https:\/\/www.jornadesperalexcellencia.cat\/es\/un-grupo-de-embajadores-difundira-los-valores-y-el-compromiso-de-las-jornadas-para-la-excelencia\/"},"author":{"name":"PCadmin-jx","@id":"https:\/\/www.jornadesperalexcellencia.cat\/es\/#\/schema\/person\/647af0bd5b91e43a5f04ee7b596bf2ca"},"headline":"Un grupo de embajadores difundir\u00e1 los valores y el compromiso de las Jornadas para la Excelencia","datePublished":"2025-07-17T08:55:00+00:00","dateModified":"2025-10-08T08:55:58+00:00","mainEntityOfPage":{"@id":"https:\/\/www.jornadesperalexcellencia.cat\/es\/un-grupo-de-embajadores-difundira-los-valores-y-el-compromiso-de-las-jornadas-para-la-excelencia\/"},"wordCount":523,"image":{"@id":"https:\/\/www.jornadesperalexcellencia.cat\/es\/un-grupo-de-embajadores-difundira-los-valores-y-el-compromiso-de-las-jornadas-para-la-excelencia\/#primaryimage"},"thumbnailUrl":"https:\/\/www.jornadesperalexcellencia.cat\/wp-content\/uploads\/2025\/10\/2025-Jornades-excellencia-pirineu-19.png","articleSection":["General"],"inLanguage":"es"},{"@type":"WebPage","@id":"https:\/\/www.jornadesperalexcellencia.cat\/es\/un-grupo-de-embajadores-difundira-los-valores-y-el-compromiso-de-las-jornadas-para-la-excelencia\/","url":"https:\/\/www.jornadesperalexcellencia.cat\/es\/un-grupo-de-embajadores-difundira-los-valores-y-el-compromiso-de-las-jornadas-para-la-excelencia\/","name":"Un grupo de embajadores difundir\u00e1 los valores y el compromiso de las Jornadas para la Excelencia - Jornades per a l&#039;excel\u00b7l\u00e8ncia","isPartOf":{"@id":"https:\/\/www.jornadesperalexcellencia.cat\/es\/#website"},"primaryImageOfPage":{"@id":"https:\/\/www.jornadesperalexcellencia.cat\/es\/un-grupo-de-embajadores-difundira-los-valores-y-el-compromiso-de-las-jornadas-para-la-excelencia\/#primaryimage"},"image":{"@id":"https:\/\/www.jornadesperalexcellencia.cat\/es\/un-grupo-de-embajadores-difundira-los-valores-y-el-compromiso-de-las-jornadas-para-la-excelencia\/#primaryimage"},"thumbnailUrl":"https:\/\/www.jornadesperalexcellencia.cat\/wp-content\/uploads\/2025\/10\/2025-Jornades-excellencia-pirineu-19.png","datePublished":"2025-07-17T08:55:00+00:00","dateModified":"2025-10-08T08:55:58+00:00","author":{"@id":"https:\/\/www.jornadesperalexcellencia.cat\/es\/#\/schema\/person\/647af0bd5b91e43a5f04ee7b596bf2ca"},"breadcrumb":{"@id":"https:\/\/www.jornadesperalexcellencia.cat\/es\/un-grupo-de-embajadores-difundira-los-valores-y-el-compromiso-de-las-jornadas-para-la-excelencia\/#breadcrumb"},"inLanguage":"es","potentialAction":[{"@type":"ReadAction","target":["https:\/\/www.jornadesperalexcellencia.cat\/es\/un-grupo-de-embajadores-difundira-los-valores-y-el-compromiso-de-las-jornadas-para-la-excelencia\/"]}]},{"@type":"ImageObject","inLanguage":"es","@id":"https:\/\/www.jornadesperalexcellencia.cat\/es\/un-grupo-de-embajadores-difundira-los-valores-y-el-compromiso-de-las-jornadas-para-la-excelencia\/#primaryimage","url":"https:\/\/www.jornadesperalexcellencia.cat\/wp-content\/uploads\/2025\/10\/2025-Jornades-excellencia-pirineu-19.png","contentUrl":"https:\/\/www.jornadesperalexcellencia.cat\/wp-content\/uploads\/2025\/10\/2025-Jornades-excellencia-pirineu-19.png","width":900,"height":600},{"@type":"BreadcrumbList","@id":"https:\/\/www.jornadesperalexcellencia.cat\/es\/un-grupo-de-embajadores-difundira-los-valores-y-el-compromiso-de-las-jornadas-para-la-excelencia\/#breadcrumb","itemListElement":[{"@type":"ListItem","position":1,"name":"Inici","item":"https:\/\/www.jornadesperalexcellencia.cat\/es\/inicio\/"},{"@type":"ListItem","position":2,"name":"Un grupo de embajadores difundir\u00e1 los valores y el compromiso de las Jornadas para la Excelencia"}]},{"@type":"WebSite","@id":"https:\/\/www.jornadesperalexcellencia.cat\/es\/#website","url":"https:\/\/www.jornadesperalexcellencia.cat\/es\/","name":"Jornades per a l&#039;excel\u00b7l\u00e8ncia","description":"Confer\u00e8ncies anuals per al progr\u00e9s i desenvolupament dels territoris del Pirineu. Esterri d&#039;\u00c0neu i Andorra.","alternateName":"Jornades per a l'excel\u00b7l\u00e8ncia","potentialAction":[{"@type":"SearchAction","target":{"@type":"EntryPoint","urlTemplate":"https:\/\/www.jornadesperalexcellencia.cat\/es\/?s={search_term_string}"},"query-input":{"@type":"PropertyValueSpecification","valueRequired":true,"valueName":"search_term_string"}}],"inLanguage":"es"},{"@type":"Person","@id":"https:\/\/www.jornadesperalexcellencia.cat\/es\/#\/schema\/person\/647af0bd5b91e43a5f04ee7b596bf2ca","name":"PCadmin-jx","sameAs":["https:\/\/www.jornadesperalexcellencia.cat"],"url":"https:\/\/www.jornadesperalexcellencia.cat\/es\/author\/pcadmin-jx\/"}]}},"_links":{"self":[{"href":"https:\/\/www.jornadesperalexcellencia.cat\/es\/wp-json\/wp\/v2\/posts\/12071","targetHints":{"allow":["GET"]}}],"collection":[{"href":"https:\/\/www.jornadesperalexcellencia.cat\/es\/wp-json\/wp\/v2\/posts"}],"about":[{"href":"https:\/\/www.jornadesperalexcellencia.cat\/es\/wp-json\/wp\/v2\/types\/post"}],"author":[{"embeddable":true,"href":"https:\/\/www.jornadesperalexcellencia.cat\/es\/wp-json\/wp\/v2\/users\/1"}],"replies":[{"embeddable":true,"href":"https:\/\/www.jornadesperalexcellencia.cat\/es\/wp-json\/wp\/v2\/comments?post=12071"}],"version-history":[{"count":2,"href":"https:\/\/www.jornadesperalexcellencia.cat\/es\/wp-json\/wp\/v2\/posts\/12071\/revisions"}],"predecessor-version":[{"id":12073,"href":"https:\/\/www.jornadesperalexcellencia.cat\/es\/wp-json\/wp\/v2\/posts\/12071\/revisions\/12073"}],"wp:featuredmedia":[{"embeddable":true,"href":"https:\/\/www.jornadesperalexcellencia.cat\/es\/wp-json\/wp\/v2\/media\/12044"}],"wp:attachment":[{"href":"https:\/\/www.jornadesperalexcellencia.cat\/es\/wp-json\/wp\/v2\/media?parent=12071"}],"wp:term":[{"taxonomy":"category","embeddable":true,"href":"https:\/\/www.jornadesperalexcellencia.cat\/es\/wp-json\/wp\/v2\/categories?post=12071"},{"taxonomy":"post_tag","embeddable":true,"href":"https:\/\/www.jornadesperalexcellencia.cat\/es\/wp-json\/wp\/v2\/tags?post=12071"}],"curies":[{"name":"wp","href":"https:\/\/api.w.org\/{rel}","templated":true}]}}