{"id":10419,"date":"2024-09-23T18:53:32","date_gmt":"2024-09-23T16:53:32","guid":{"rendered":"https:\/\/www.jornadesperalexcellencia.cat\/?p=10419"},"modified":"2024-09-23T18:53:32","modified_gmt":"2024-09-23T16:53:32","slug":"las-jornadas-para-la-excelencia-en-andorra-apuestan-por-fomentar-el-asociacionismo-juvenil","status":"publish","type":"post","link":"https:\/\/www.jornadesperalexcellencia.cat\/es\/las-jornadas-para-la-excelencia-en-andorra-apuestan-por-fomentar-el-asociacionismo-juvenil\/","title":{"rendered":"Las Jornadas para la excelencia en Andorra apuestan por fomentar el asociacionismo juvenil"},"content":{"rendered":"<h3>Los ponentes coinciden que la uni\u00f3n facilita que las preocupaciones y las necesidades de los j\u00f3venes sean escuchadas por los gobiernos<\/h3>\n<p><strong>Organismos europeos, andorranos y de cooperaci\u00f3n transfronteriza anuncian medidas para la juventud en la sesi\u00f3n previa en el Principado<\/strong><\/p>\n<p>La sesi\u00f3n previa de las Jornadas para la excelencia celebrada en Andorra, puso de manifiesto la necesidad que los y las j\u00f3venes sean escuchados por las administraciones y que la mejor forma de que su voz llegue a los gobiernos es mediante el asociacionismo. Todos los ponentes de la mesa redonda coincidieron en reclamar el fomento de esta uni\u00f3n de j\u00f3venes en colectivos, organizaciones o grupos de presi\u00f3n para que la realidad y las incertidumbres se pongan sobre la mesa de los dirigentes y formen parte de la agenda pol\u00edtica. Las preocupaciones m\u00e1s mencionadas fueron s<strong>obre la vivienda, la emancipaci\u00f3n o las condiciones laborales.<\/strong><\/p>\n<p>&nbsp;<\/p>\n<p><img loading=\"lazy\" decoding=\"async\" class=\"wp-image-10416 size-full\" src=\"https:\/\/www.jornadesperalexcellencia.cat\/wp-content\/uploads\/2024\/09\/2024-Jornades-Excellencia-Andorra-Joventut-3.jpg\" alt=\"Joventut al Pirineu. Jornades excel\u00b7lencia\" width=\"900\" height=\"600\" srcset=\"https:\/\/www.jornadesperalexcellencia.cat\/wp-content\/uploads\/2024\/09\/2024-Jornades-Excellencia-Andorra-Joventut-3.jpg 900w, https:\/\/www.jornadesperalexcellencia.cat\/wp-content\/uploads\/2024\/09\/2024-Jornades-Excellencia-Andorra-Joventut-3-300x200.jpg 300w, https:\/\/www.jornadesperalexcellencia.cat\/wp-content\/uploads\/2024\/09\/2024-Jornades-Excellencia-Andorra-Joventut-3-768x512.jpg 768w, https:\/\/www.jornadesperalexcellencia.cat\/wp-content\/uploads\/2024\/09\/2024-Jornades-Excellencia-Andorra-Joventut-3-600x400.jpg 600w\" sizes=\"auto, (max-width: 900px) 100vw, 900px\" \/><\/p>\n<p>&nbsp;<\/p>\n<p>El teatro de las Fontetes de La Massana acogi\u00f3 esta sesi\u00f3n previa, la tercera consecutiva dentro del acuerdo ya consolidado entre el Gobierno de Andorra y las Jornadas para la excelencia, dedicada este a\u00f1o a los j\u00f3venes del Pirineo. El encuentro cont\u00f3 con el <strong>secretario de Estado de Juventud del Gobierno de Andorra, Alain Cabanes<\/strong>, que anunci\u00f3 la elaboraci\u00f3n del Plan Nacional de Juventud de Andorra, que el gobierno ya est\u00e1 trabajando de forma transversal con todos los ministerios, reconociendo que muchas veces se toman decisiones desde los despachos sin tener en cuenta la opini\u00f3n de los j\u00f3venes y \u201ccreemos esencial hacer consultas sobre diferentes \u00e1mbitos para captar las necesidades y preocupaciones y as\u00ed incluir medidas en el Plan Nacional\u201d.<\/p>\n<p>&nbsp;<\/p>\n<p>En la misma l\u00ednea se manifestaron el resto de ponentes, como <strong>Mat\u00edas R\u00fabio, miembro del Consejo Consultivo de la Juventud del Consejo de Europa<\/strong>, que reivindic\u00f3 el papel directo de los j\u00f3venes en las pol\u00edticas publicas a partir de las demandas que hace el asociacionismo dentro de su diversidad y pluralidad y anim\u00f3 a los J\u00f3venes a movilizarse en estos colectivos y no esperar a que se los pida la opini\u00f3n.<\/p>\n<p><img loading=\"lazy\" decoding=\"async\" class=\"alignnone wp-image-10415 size-full\" src=\"https:\/\/www.jornadesperalexcellencia.cat\/wp-content\/uploads\/2024\/09\/2024-Jornades-Excellencia-Andorra-Joventut-2.jpg\" alt=\"\" width=\"900\" height=\"600\" srcset=\"https:\/\/www.jornadesperalexcellencia.cat\/wp-content\/uploads\/2024\/09\/2024-Jornades-Excellencia-Andorra-Joventut-2.jpg 900w, https:\/\/www.jornadesperalexcellencia.cat\/wp-content\/uploads\/2024\/09\/2024-Jornades-Excellencia-Andorra-Joventut-2-300x200.jpg 300w, https:\/\/www.jornadesperalexcellencia.cat\/wp-content\/uploads\/2024\/09\/2024-Jornades-Excellencia-Andorra-Joventut-2-768x512.jpg 768w, https:\/\/www.jornadesperalexcellencia.cat\/wp-content\/uploads\/2024\/09\/2024-Jornades-Excellencia-Andorra-Joventut-2-600x400.jpg 600w\" sizes=\"auto, (max-width: 900px) 100vw, 900px\" \/><\/p>\n<p>&nbsp;<\/p>\n<p><strong>Idoia Arauzo, coordinadora de la Unidad de Desarrollo y Dinamizaci\u00f3n de la Comunidad de los Pirineos<\/strong> (CTP), habl\u00f3 del Foro Transpirenaico de la Juventud, como una herramienta para conocer la realidad de los j\u00f3venes y establecer propuestas y planes de actuaci\u00f3n.<\/p>\n<p>&nbsp;<\/p>\n<p><strong>Isabella Vargas, vicepresidenta del Foro de la Juventud de Andorra<\/strong>, anunci\u00f3 la elaboraci\u00f3n de consultas y encuestas a cerca de 400 j\u00f3venes andorranos sobre necesidades y percepciones y asegur\u00f3 que \u201cel asociacionismo es la f\u00f3rmula para afrontar las incertidumbres y tener una silla en los despachos donde se toman las decisiones\u201d.<\/p>\n<p>&nbsp;<\/p>\n<p><strong>Finalmente, Anton \u00d2dena, cofundador &amp; CEO a Montpackers.com<\/strong>, explic\u00f3 las dificultades de ser joven emprendedor, haciendo especial atenci\u00f3n a la constancia en la idea y el proyecto.<\/p>\n<p>La bienvenida fue a cargo de la <strong>C\u00f3nsul Mayor de La Massana, Eva Sansa<\/strong>, la conducci\u00f3n del acto la protagonizaron miembros de los <strong>podscats \u201cSafreig\u201d y \u201cFvck y lloc\u201d y Jes\u00fas Montoliu, presidente de las Jornadas para la excelencia<\/strong>, cerr\u00f3 la sesi\u00f3n invitando a los asistentes a Esterri d&#8217;\u00c0neu los d\u00edas 4 y 5 de octubre para vivir en directo una edici\u00f3n m\u00e1s de las Jornadas y subray\u00f3 especialmente la necesidad de una escucha activa de los j\u00f3venes, que ellos sean los protagonistas y del fomento del asociacionismo.<\/p>","protected":false},"excerpt":{"rendered":"<p>Los ponentes coinciden que la uni\u00f3n facilita que las preocupaciones y las necesidades de los j\u00f3venes sean escuchadas por los gobiernos Organismos europeos, andorranos y de cooperaci\u00f3n transfronteriza anuncian medidas para la juventud en la sesi\u00f3n previa en el Principado La sesi\u00f3n previa de las Jornadas para la excelencia celebrada en Andorra, puso de manifiesto la necesidad que los y las j\u00f3venes sean escuchados por las administraciones y que la mejor forma de que su voz llegue a los gobiernos [&hellip;]<\/p>\n","protected":false},"author":1,"featured_media":10414,"comment_status":"closed","ping_status":"closed","sticky":false,"template":"","format":"standard","meta":{"footnotes":""},"categories":[165],"tags":[],"class_list":["post-10419","post","type-post","status-publish","format-standard","has-post-thumbnail","hentry","category-actualidad"],"yoast_head":"<!-- This site is optimized with the Yoast SEO plugin v27.5 - https:\/\/yoast.com\/product\/yoast-seo-wordpress\/ -->\n<title>Las Jornadas para la excelencia en Andorra apuestan por fomentar el asociacionismo juvenil - Jornades per a l&#039;excel\u00b7l\u00e8ncia<\/title>\n<meta name=\"robots\" content=\"index, follow, max-snippet:-1, max-image-preview:large, max-video-preview:-1\" \/>\n<link rel=\"canonical\" href=\"https:\/\/www.jornadesperalexcellencia.cat\/es\/las-jornadas-para-la-excelencia-en-andorra-apuestan-por-fomentar-el-asociacionismo-juvenil\/\" \/>\n<meta property=\"og:locale\" content=\"es_ES\" \/>\n<meta property=\"og:type\" content=\"article\" \/>\n<meta property=\"og:title\" content=\"Las Jornadas para la excelencia en Andorra apuestan por fomentar el asociacionismo juvenil - Jornades per a l&#039;excel\u00b7l\u00e8ncia\" \/>\n<meta property=\"og:description\" content=\"Los ponentes coinciden que la uni\u00f3n facilita que las preocupaciones y las necesidades de los j\u00f3venes sean escuchadas por los gobiernos Organismos europeos, andorranos y de cooperaci\u00f3n transfronteriza anuncian medidas para la juventud en la sesi\u00f3n previa en el Principado La sesi\u00f3n previa de las Jornadas para la excelencia celebrada en Andorra, puso de manifiesto la necesidad que los y las j\u00f3venes sean escuchados por las administraciones y que la mejor forma de que su voz llegue a los gobiernos [&hellip;]\" \/>\n<meta property=\"og:url\" content=\"https:\/\/www.jornadesperalexcellencia.cat\/es\/las-jornadas-para-la-excelencia-en-andorra-apuestan-por-fomentar-el-asociacionismo-juvenil\/\" \/>\n<meta property=\"og:site_name\" content=\"Jornades per a l&#039;excel\u00b7l\u00e8ncia\" \/>\n<meta property=\"article:published_time\" content=\"2024-09-23T16:53:32+00:00\" \/>\n<meta property=\"og:image\" content=\"https:\/\/www.jornadesperalexcellencia.cat\/wp-content\/uploads\/2024\/09\/2024-Jornades-Excellencia-Andorra-Joventut-1.jpg\" \/>\n\t<meta property=\"og:image:width\" content=\"900\" \/>\n\t<meta property=\"og:image:height\" content=\"600\" \/>\n\t<meta property=\"og:image:type\" content=\"image\/jpeg\" \/>\n<meta name=\"author\" content=\"PCadmin-jx\" \/>\n<meta name=\"twitter:card\" content=\"summary_large_image\" \/>\n<meta name=\"twitter:label1\" content=\"Escrito por\" \/>\n\t<meta name=\"twitter:data1\" content=\"PCadmin-jx\" \/>\n\t<meta name=\"twitter:label2\" content=\"Tiempo de lectura\" \/>\n\t<meta name=\"twitter:data2\" content=\"3 minutos\" \/>\n<script type=\"application\/ld+json\" class=\"yoast-schema-graph\">{\"@context\":\"https:\\\/\\\/schema.org\",\"@graph\":[{\"@type\":\"Article\",\"@id\":\"https:\\\/\\\/www.jornadesperalexcellencia.cat\\\/es\\\/las-jornadas-para-la-excelencia-en-andorra-apuestan-por-fomentar-el-asociacionismo-juvenil\\\/#article\",\"isPartOf\":{\"@id\":\"https:\\\/\\\/www.jornadesperalexcellencia.cat\\\/es\\\/las-jornadas-para-la-excelencia-en-andorra-apuestan-por-fomentar-el-asociacionismo-juvenil\\\/\"},\"author\":{\"name\":\"PCadmin-jx\",\"@id\":\"https:\\\/\\\/www.jornadesperalexcellencia.cat\\\/es\\\/#\\\/schema\\\/person\\\/647af0bd5b91e43a5f04ee7b596bf2ca\"},\"headline\":\"Las Jornadas para la excelencia en Andorra apuestan por fomentar el asociacionismo juvenil\",\"datePublished\":\"2024-09-23T16:53:32+00:00\",\"mainEntityOfPage\":{\"@id\":\"https:\\\/\\\/www.jornadesperalexcellencia.cat\\\/es\\\/las-jornadas-para-la-excelencia-en-andorra-apuestan-por-fomentar-el-asociacionismo-juvenil\\\/\"},\"wordCount\":600,\"image\":{\"@id\":\"https:\\\/\\\/www.jornadesperalexcellencia.cat\\\/es\\\/las-jornadas-para-la-excelencia-en-andorra-apuestan-por-fomentar-el-asociacionismo-juvenil\\\/#primaryimage\"},\"thumbnailUrl\":\"https:\\\/\\\/www.jornadesperalexcellencia.cat\\\/wp-content\\\/uploads\\\/2024\\\/09\\\/2024-Jornades-Excellencia-Andorra-Joventut-1.jpg\",\"articleSection\":[\"Actualidad\"],\"inLanguage\":\"es\"},{\"@type\":\"WebPage\",\"@id\":\"https:\\\/\\\/www.jornadesperalexcellencia.cat\\\/es\\\/las-jornadas-para-la-excelencia-en-andorra-apuestan-por-fomentar-el-asociacionismo-juvenil\\\/\",\"url\":\"https:\\\/\\\/www.jornadesperalexcellencia.cat\\\/es\\\/las-jornadas-para-la-excelencia-en-andorra-apuestan-por-fomentar-el-asociacionismo-juvenil\\\/\",\"name\":\"Las Jornadas para la excelencia en Andorra apuestan por fomentar el asociacionismo juvenil - Jornades per a l&#039;excel\u00b7l\u00e8ncia\",\"isPartOf\":{\"@id\":\"https:\\\/\\\/www.jornadesperalexcellencia.cat\\\/es\\\/#website\"},\"primaryImageOfPage\":{\"@id\":\"https:\\\/\\\/www.jornadesperalexcellencia.cat\\\/es\\\/las-jornadas-para-la-excelencia-en-andorra-apuestan-por-fomentar-el-asociacionismo-juvenil\\\/#primaryimage\"},\"image\":{\"@id\":\"https:\\\/\\\/www.jornadesperalexcellencia.cat\\\/es\\\/las-jornadas-para-la-excelencia-en-andorra-apuestan-por-fomentar-el-asociacionismo-juvenil\\\/#primaryimage\"},\"thumbnailUrl\":\"https:\\\/\\\/www.jornadesperalexcellencia.cat\\\/wp-content\\\/uploads\\\/2024\\\/09\\\/2024-Jornades-Excellencia-Andorra-Joventut-1.jpg\",\"datePublished\":\"2024-09-23T16:53:32+00:00\",\"author\":{\"@id\":\"https:\\\/\\\/www.jornadesperalexcellencia.cat\\\/es\\\/#\\\/schema\\\/person\\\/647af0bd5b91e43a5f04ee7b596bf2ca\"},\"breadcrumb\":{\"@id\":\"https:\\\/\\\/www.jornadesperalexcellencia.cat\\\/es\\\/las-jornadas-para-la-excelencia-en-andorra-apuestan-por-fomentar-el-asociacionismo-juvenil\\\/#breadcrumb\"},\"inLanguage\":\"es\",\"potentialAction\":[{\"@type\":\"ReadAction\",\"target\":[\"https:\\\/\\\/www.jornadesperalexcellencia.cat\\\/es\\\/las-jornadas-para-la-excelencia-en-andorra-apuestan-por-fomentar-el-asociacionismo-juvenil\\\/\"]}]},{\"@type\":\"ImageObject\",\"inLanguage\":\"es\",\"@id\":\"https:\\\/\\\/www.jornadesperalexcellencia.cat\\\/es\\\/las-jornadas-para-la-excelencia-en-andorra-apuestan-por-fomentar-el-asociacionismo-juvenil\\\/#primaryimage\",\"url\":\"https:\\\/\\\/www.jornadesperalexcellencia.cat\\\/wp-content\\\/uploads\\\/2024\\\/09\\\/2024-Jornades-Excellencia-Andorra-Joventut-1.jpg\",\"contentUrl\":\"https:\\\/\\\/www.jornadesperalexcellencia.cat\\\/wp-content\\\/uploads\\\/2024\\\/09\\\/2024-Jornades-Excellencia-Andorra-Joventut-1.jpg\",\"width\":900,\"height\":600},{\"@type\":\"BreadcrumbList\",\"@id\":\"https:\\\/\\\/www.jornadesperalexcellencia.cat\\\/es\\\/las-jornadas-para-la-excelencia-en-andorra-apuestan-por-fomentar-el-asociacionismo-juvenil\\\/#breadcrumb\",\"itemListElement\":[{\"@type\":\"ListItem\",\"position\":1,\"name\":\"Inici\",\"item\":\"https:\\\/\\\/www.jornadesperalexcellencia.cat\\\/es\\\/inicio\\\/\"},{\"@type\":\"ListItem\",\"position\":2,\"name\":\"Las Jornadas para la excelencia en Andorra apuestan por fomentar el asociacionismo juvenil\"}]},{\"@type\":\"WebSite\",\"@id\":\"https:\\\/\\\/www.jornadesperalexcellencia.cat\\\/es\\\/#website\",\"url\":\"https:\\\/\\\/www.jornadesperalexcellencia.cat\\\/es\\\/\",\"name\":\"Jornades per a l&#039;excel\u00b7l\u00e8ncia\",\"description\":\"Confer\u00e8ncies anuals per al progr\u00e9s i desenvolupament dels territoris del Pirineu. Esterri d&#039;\u00c0neu i Andorra.\",\"alternateName\":\"Jornades per a l'excel\u00b7l\u00e8ncia\",\"potentialAction\":[{\"@type\":\"SearchAction\",\"target\":{\"@type\":\"EntryPoint\",\"urlTemplate\":\"https:\\\/\\\/www.jornadesperalexcellencia.cat\\\/es\\\/?s={search_term_string}\"},\"query-input\":{\"@type\":\"PropertyValueSpecification\",\"valueRequired\":true,\"valueName\":\"search_term_string\"}}],\"inLanguage\":\"es\"},{\"@type\":\"Person\",\"@id\":\"https:\\\/\\\/www.jornadesperalexcellencia.cat\\\/es\\\/#\\\/schema\\\/person\\\/647af0bd5b91e43a5f04ee7b596bf2ca\",\"name\":\"PCadmin-jx\",\"sameAs\":[\"https:\\\/\\\/www.jornadesperalexcellencia.cat\"],\"url\":\"https:\\\/\\\/www.jornadesperalexcellencia.cat\\\/es\\\/author\\\/pcadmin-jx\\\/\"}]}<\/script>\n<!-- \/ Yoast SEO plugin. -->","yoast_head_json":{"title":"Las Jornadas para la excelencia en Andorra apuestan por fomentar el asociacionismo juvenil - Jornades per a l&#039;excel\u00b7l\u00e8ncia","robots":{"index":"index","follow":"follow","max-snippet":"max-snippet:-1","max-image-preview":"max-image-preview:large","max-video-preview":"max-video-preview:-1"},"canonical":"https:\/\/www.jornadesperalexcellencia.cat\/es\/las-jornadas-para-la-excelencia-en-andorra-apuestan-por-fomentar-el-asociacionismo-juvenil\/","og_locale":"es_ES","og_type":"article","og_title":"Las Jornadas para la excelencia en Andorra apuestan por fomentar el asociacionismo juvenil - Jornades per a l&#039;excel\u00b7l\u00e8ncia","og_description":"Los ponentes coinciden que la uni\u00f3n facilita que las preocupaciones y las necesidades de los j\u00f3venes sean escuchadas por los gobiernos Organismos europeos, andorranos y de cooperaci\u00f3n transfronteriza anuncian medidas para la juventud en la sesi\u00f3n previa en el Principado La sesi\u00f3n previa de las Jornadas para la excelencia celebrada en Andorra, puso de manifiesto la necesidad que los y las j\u00f3venes sean escuchados por las administraciones y que la mejor forma de que su voz llegue a los gobiernos [&hellip;]","og_url":"https:\/\/www.jornadesperalexcellencia.cat\/es\/las-jornadas-para-la-excelencia-en-andorra-apuestan-por-fomentar-el-asociacionismo-juvenil\/","og_site_name":"Jornades per a l&#039;excel\u00b7l\u00e8ncia","article_published_time":"2024-09-23T16:53:32+00:00","og_image":[{"width":900,"height":600,"url":"https:\/\/www.jornadesperalexcellencia.cat\/wp-content\/uploads\/2024\/09\/2024-Jornades-Excellencia-Andorra-Joventut-1.jpg","type":"image\/jpeg"}],"author":"PCadmin-jx","twitter_card":"summary_large_image","twitter_misc":{"Escrito por":"PCadmin-jx","Tiempo de lectura":"3 minutos"},"schema":{"@context":"https:\/\/schema.org","@graph":[{"@type":"Article","@id":"https:\/\/www.jornadesperalexcellencia.cat\/es\/las-jornadas-para-la-excelencia-en-andorra-apuestan-por-fomentar-el-asociacionismo-juvenil\/#article","isPartOf":{"@id":"https:\/\/www.jornadesperalexcellencia.cat\/es\/las-jornadas-para-la-excelencia-en-andorra-apuestan-por-fomentar-el-asociacionismo-juvenil\/"},"author":{"name":"PCadmin-jx","@id":"https:\/\/www.jornadesperalexcellencia.cat\/es\/#\/schema\/person\/647af0bd5b91e43a5f04ee7b596bf2ca"},"headline":"Las Jornadas para la excelencia en Andorra apuestan por fomentar el asociacionismo juvenil","datePublished":"2024-09-23T16:53:32+00:00","mainEntityOfPage":{"@id":"https:\/\/www.jornadesperalexcellencia.cat\/es\/las-jornadas-para-la-excelencia-en-andorra-apuestan-por-fomentar-el-asociacionismo-juvenil\/"},"wordCount":600,"image":{"@id":"https:\/\/www.jornadesperalexcellencia.cat\/es\/las-jornadas-para-la-excelencia-en-andorra-apuestan-por-fomentar-el-asociacionismo-juvenil\/#primaryimage"},"thumbnailUrl":"https:\/\/www.jornadesperalexcellencia.cat\/wp-content\/uploads\/2024\/09\/2024-Jornades-Excellencia-Andorra-Joventut-1.jpg","articleSection":["Actualidad"],"inLanguage":"es"},{"@type":"WebPage","@id":"https:\/\/www.jornadesperalexcellencia.cat\/es\/las-jornadas-para-la-excelencia-en-andorra-apuestan-por-fomentar-el-asociacionismo-juvenil\/","url":"https:\/\/www.jornadesperalexcellencia.cat\/es\/las-jornadas-para-la-excelencia-en-andorra-apuestan-por-fomentar-el-asociacionismo-juvenil\/","name":"Las Jornadas para la excelencia en Andorra apuestan por fomentar el asociacionismo juvenil - Jornades per a l&#039;excel\u00b7l\u00e8ncia","isPartOf":{"@id":"https:\/\/www.jornadesperalexcellencia.cat\/es\/#website"},"primaryImageOfPage":{"@id":"https:\/\/www.jornadesperalexcellencia.cat\/es\/las-jornadas-para-la-excelencia-en-andorra-apuestan-por-fomentar-el-asociacionismo-juvenil\/#primaryimage"},"image":{"@id":"https:\/\/www.jornadesperalexcellencia.cat\/es\/las-jornadas-para-la-excelencia-en-andorra-apuestan-por-fomentar-el-asociacionismo-juvenil\/#primaryimage"},"thumbnailUrl":"https:\/\/www.jornadesperalexcellencia.cat\/wp-content\/uploads\/2024\/09\/2024-Jornades-Excellencia-Andorra-Joventut-1.jpg","datePublished":"2024-09-23T16:53:32+00:00","author":{"@id":"https:\/\/www.jornadesperalexcellencia.cat\/es\/#\/schema\/person\/647af0bd5b91e43a5f04ee7b596bf2ca"},"breadcrumb":{"@id":"https:\/\/www.jornadesperalexcellencia.cat\/es\/las-jornadas-para-la-excelencia-en-andorra-apuestan-por-fomentar-el-asociacionismo-juvenil\/#breadcrumb"},"inLanguage":"es","potentialAction":[{"@type":"ReadAction","target":["https:\/\/www.jornadesperalexcellencia.cat\/es\/las-jornadas-para-la-excelencia-en-andorra-apuestan-por-fomentar-el-asociacionismo-juvenil\/"]}]},{"@type":"ImageObject","inLanguage":"es","@id":"https:\/\/www.jornadesperalexcellencia.cat\/es\/las-jornadas-para-la-excelencia-en-andorra-apuestan-por-fomentar-el-asociacionismo-juvenil\/#primaryimage","url":"https:\/\/www.jornadesperalexcellencia.cat\/wp-content\/uploads\/2024\/09\/2024-Jornades-Excellencia-Andorra-Joventut-1.jpg","contentUrl":"https:\/\/www.jornadesperalexcellencia.cat\/wp-content\/uploads\/2024\/09\/2024-Jornades-Excellencia-Andorra-Joventut-1.jpg","width":900,"height":600},{"@type":"BreadcrumbList","@id":"https:\/\/www.jornadesperalexcellencia.cat\/es\/las-jornadas-para-la-excelencia-en-andorra-apuestan-por-fomentar-el-asociacionismo-juvenil\/#breadcrumb","itemListElement":[{"@type":"ListItem","position":1,"name":"Inici","item":"https:\/\/www.jornadesperalexcellencia.cat\/es\/inicio\/"},{"@type":"ListItem","position":2,"name":"Las Jornadas para la excelencia en Andorra apuestan por fomentar el asociacionismo juvenil"}]},{"@type":"WebSite","@id":"https:\/\/www.jornadesperalexcellencia.cat\/es\/#website","url":"https:\/\/www.jornadesperalexcellencia.cat\/es\/","name":"Jornades per a l&#039;excel\u00b7l\u00e8ncia","description":"Confer\u00e8ncies anuals per al progr\u00e9s i desenvolupament dels territoris del Pirineu. Esterri d&#039;\u00c0neu i Andorra.","alternateName":"Jornades per a l'excel\u00b7l\u00e8ncia","potentialAction":[{"@type":"SearchAction","target":{"@type":"EntryPoint","urlTemplate":"https:\/\/www.jornadesperalexcellencia.cat\/es\/?s={search_term_string}"},"query-input":{"@type":"PropertyValueSpecification","valueRequired":true,"valueName":"search_term_string"}}],"inLanguage":"es"},{"@type":"Person","@id":"https:\/\/www.jornadesperalexcellencia.cat\/es\/#\/schema\/person\/647af0bd5b91e43a5f04ee7b596bf2ca","name":"PCadmin-jx","sameAs":["https:\/\/www.jornadesperalexcellencia.cat"],"url":"https:\/\/www.jornadesperalexcellencia.cat\/es\/author\/pcadmin-jx\/"}]}},"_links":{"self":[{"href":"https:\/\/www.jornadesperalexcellencia.cat\/es\/wp-json\/wp\/v2\/posts\/10419","targetHints":{"allow":["GET"]}}],"collection":[{"href":"https:\/\/www.jornadesperalexcellencia.cat\/es\/wp-json\/wp\/v2\/posts"}],"about":[{"href":"https:\/\/www.jornadesperalexcellencia.cat\/es\/wp-json\/wp\/v2\/types\/post"}],"author":[{"embeddable":true,"href":"https:\/\/www.jornadesperalexcellencia.cat\/es\/wp-json\/wp\/v2\/users\/1"}],"replies":[{"embeddable":true,"href":"https:\/\/www.jornadesperalexcellencia.cat\/es\/wp-json\/wp\/v2\/comments?post=10419"}],"version-history":[{"count":0,"href":"https:\/\/www.jornadesperalexcellencia.cat\/es\/wp-json\/wp\/v2\/posts\/10419\/revisions"}],"wp:featuredmedia":[{"embeddable":true,"href":"https:\/\/www.jornadesperalexcellencia.cat\/es\/wp-json\/wp\/v2\/media\/10414"}],"wp:attachment":[{"href":"https:\/\/www.jornadesperalexcellencia.cat\/es\/wp-json\/wp\/v2\/media?parent=10419"}],"wp:term":[{"taxonomy":"category","embeddable":true,"href":"https:\/\/www.jornadesperalexcellencia.cat\/es\/wp-json\/wp\/v2\/categories?post=10419"},{"taxonomy":"post_tag","embeddable":true,"href":"https:\/\/www.jornadesperalexcellencia.cat\/es\/wp-json\/wp\/v2\/tags?post=10419"}],"curies":[{"name":"wp","href":"https:\/\/api.w.org\/{rel}","templated":true}]}}