{"id":10157,"date":"2024-07-11T17:23:51","date_gmt":"2024-07-11T15:23:51","guid":{"rendered":"https:\/\/www.jornadesperalexcellencia.cat\/?p=10157"},"modified":"2024-07-11T18:03:37","modified_gmt":"2024-07-11T16:03:37","slug":"presentacion-de-las-jornadas-2024-a-la-diputacion-de-lleida","status":"publish","type":"post","link":"https:\/\/www.jornadesperalexcellencia.cat\/es\/presentacion-de-las-jornadas-2024-a-la-diputacion-de-lleida\/","title":{"rendered":"Presentaci\u00f3n de las Jornadas 2024 a la Diputaci\u00f3n de Lleida"},"content":{"rendered":"<h2>Los j\u00f3venes lideran las XI Jornadas para la excelencia con una gran implicaci\u00f3n<\/h2>\n<p>L@s j\u00f3venes son los protagonistas de las und\u00e9cimas Jornadas para la excelencia que se celebrar\u00e1n los d\u00edas 4 y 5 de octubre en Esterri d&#8217;\u00c0neu. El t\u00edtulo escogido: \u201c<strong>Juventud en el Pirineo. Proyecto vital y profesional<\/strong>\u201d define de forma clara el objetivo de este a\u00f1o para profundizar en los problemas, inquietudes, retos y propuestas de futuro de los y las j\u00f3venes en el Pirineo.<\/p>\n<h3>Debate y propuestas de futuro sobre emprendimiento, formaci\u00f3n, la vivienda, el uso de la tecnolog\u00eda, los valores o el asociacionismo<\/h3>\n<p>La presencia de la juventud no solo figura en los t\u00edtulos, sino que <strong>todo el acontecimiento est\u00e1 liderado por los j\u00f3venes de las comarcas de monta\u00f1a<\/strong>. Hemos querido expresamente que fueran ellos mismos quienes se implicaran en la organizaci\u00f3n de las Jornadas de este a\u00f1o, porque nadie como ellos y ellas pueden aportar la visi\u00f3n que los y las adultos no vemos. Igualmente, desde hace meses y hasta pasado el verano, se celebrar\u00e1n diferentes procesos participativos para abordar diferentes aspectos que preocupan este colectivo.<\/p>\n<p>&nbsp;<br \/>\n<img loading=\"lazy\" decoding=\"async\" src=\"https:\/\/www.jornadesperalexcellencia.cat\/wp-content\/uploads\/2024\/07\/2024-presentacio-jornades-excellencia-diputacio-lleida-joan-talarn-3-300x169.jpg\" alt=\"\" width=\"300\" height=\"169\" class=\"alignnone size-medium wp-image-10153\" srcset=\"https:\/\/www.jornadesperalexcellencia.cat\/wp-content\/uploads\/2024\/07\/2024-presentacio-jornades-excellencia-diputacio-lleida-joan-talarn-3-300x169.jpg 300w, https:\/\/www.jornadesperalexcellencia.cat\/wp-content\/uploads\/2024\/07\/2024-presentacio-jornades-excellencia-diputacio-lleida-joan-talarn-3-768x432.jpg 768w, https:\/\/www.jornadesperalexcellencia.cat\/wp-content\/uploads\/2024\/07\/2024-presentacio-jornades-excellencia-diputacio-lleida-joan-talarn-3-600x337.jpg 600w, https:\/\/www.jornadesperalexcellencia.cat\/wp-content\/uploads\/2024\/07\/2024-presentacio-jornades-excellencia-diputacio-lleida-joan-talarn-3.jpg 900w\" sizes=\"auto, (max-width: 300px) 100vw, 300px\" \/><br \/>\n&nbsp;<\/p>\n<p>Las Jornadas para la excelencia de 2024 estar\u00e1n divididas en cuatro bloques, que entre otros \u00e1mbitos abrir\u00e1n el <strong>debate y la reflexi\u00f3n sobre el emprendimiento, la formaci\u00f3n, el acceso a la vivienda, el uso de nuevas tecnolog\u00edas, el tejido asociativo y el ocio, as\u00ed como sobre los valores de los j\u00f3venes de hoy.<\/strong><\/p>\n<p>&nbsp;<\/p>\n<p>El programa provisional ya est\u00e1 bastante definido y se confirman ponentes de reconocido prestigio y referentes en sus \u00e1mbitos como <strong>el exfutbolista Bojan Krkic, el actor y monologuista Marc Buixaderas o el escritor y fil\u00f3sofo Ferran S\u00e0ez<\/strong>, entre otros.<\/p>\n<p>&nbsp;<\/p>\n<p>Este acontecimiento de referencia sigue apostando por la participaci\u00f3n de <strong>centros educativos del Pirineo<\/strong>, que preparan trabajos de investigaci\u00f3n y actividades vinculadas a las Jornadas y tambi\u00e9n se sigue trabajando por crecimiento territorial. De este modo, este a\u00f1o habr\u00e1 <strong>representantes de todas las comarcas de monta\u00f1a entre los ponentes<\/strong> y tambi\u00e9n se consolida la <strong>participaci\u00f3n de Andorra<\/strong>, con una estrecha colaboraci\u00f3n de su Gobierno. Un a\u00f1o m\u00e1s se celebrar\u00e1 a finales de septiembre una sesi\u00f3n previa en el Principado de Andorra y tambi\u00e9n se trabaja para celebrar un acto en la Val d&#8217;Ar\u00e1n, fortaleciendo el compromiso de este territorio y del Conselh Generau con las Jornadas para la excelencia.<\/p>\n<p>&nbsp;<br \/>\n<img loading=\"lazy\" decoding=\"async\" src=\"https:\/\/www.jornadesperalexcellencia.cat\/wp-content\/uploads\/2024\/07\/2024-presentacio-jornades-excellencia-diputacio-lleida-joan-talarn-2-300x200.jpg\" alt=\"\" width=\"300\" height=\"200\" class=\"alignnone size-medium wp-image-10152\" srcset=\"https:\/\/www.jornadesperalexcellencia.cat\/wp-content\/uploads\/2024\/07\/2024-presentacio-jornades-excellencia-diputacio-lleida-joan-talarn-2-300x200.jpg 300w, https:\/\/www.jornadesperalexcellencia.cat\/wp-content\/uploads\/2024\/07\/2024-presentacio-jornades-excellencia-diputacio-lleida-joan-talarn-2-768x512.jpg 768w, https:\/\/www.jornadesperalexcellencia.cat\/wp-content\/uploads\/2024\/07\/2024-presentacio-jornades-excellencia-diputacio-lleida-joan-talarn-2-600x400.jpg 600w, https:\/\/www.jornadesperalexcellencia.cat\/wp-content\/uploads\/2024\/07\/2024-presentacio-jornades-excellencia-diputacio-lleida-joan-talarn-2.jpg 900w\" sizes=\"auto, (max-width: 300px) 100vw, 300px\" \/><br \/>\n&nbsp;<\/p>\n<p><strong>La presentaci\u00f3n del acto se ha celebrado esta ma\u00f1ana en la Diputaci\u00f3n de Lleida con la participaci\u00f3n de su presidente, Joan Talarn, as\u00ed como del presidente de las Jornadas para la excelencia, Jes\u00fas Montoliu, el alcalde de Esterri d&#8217;\u00c0neu, Pere Tic\u00f3 y del representante de Juventud del departamento de Derechos Sociales de la Generalitat.<\/strong><\/p>","protected":false},"excerpt":{"rendered":"<p>Los j\u00f3venes lideran las XI Jornadas para la excelencia con una gran implicaci\u00f3n L@s j\u00f3venes son los protagonistas de las und\u00e9cimas Jornadas para la excelencia que se celebrar\u00e1n los d\u00edas 4 y 5 de octubre en Esterri d&#8217;\u00c0neu. El t\u00edtulo escogido: \u201cJuventud en el Pirineo. Proyecto vital y profesional\u201d define de forma clara el objetivo de este a\u00f1o para profundizar en los problemas, inquietudes, retos y propuestas de futuro de los y las j\u00f3venes en el Pirineo. Debate y propuestas [&hellip;]<\/p>\n","protected":false},"author":1,"featured_media":10151,"comment_status":"closed","ping_status":"closed","sticky":false,"template":"","format":"standard","meta":{"footnotes":""},"categories":[165],"tags":[],"class_list":["post-10157","post","type-post","status-publish","format-standard","has-post-thumbnail","hentry","category-actualidad"],"yoast_head":"<!-- This site is optimized with the Yoast SEO plugin v27.5 - https:\/\/yoast.com\/product\/yoast-seo-wordpress\/ -->\n<title>Presentaci\u00f3n de las Jornadas 2024 a la Diputaci\u00f3n de Lleida - Jornades per a l&#039;excel\u00b7l\u00e8ncia<\/title>\n<meta name=\"robots\" content=\"index, follow, max-snippet:-1, max-image-preview:large, max-video-preview:-1\" \/>\n<link rel=\"canonical\" href=\"https:\/\/www.jornadesperalexcellencia.cat\/es\/presentacion-de-las-jornadas-2024-a-la-diputacion-de-lleida\/\" \/>\n<meta property=\"og:locale\" content=\"es_ES\" \/>\n<meta property=\"og:type\" content=\"article\" \/>\n<meta property=\"og:title\" content=\"Presentaci\u00f3n de las Jornadas 2024 a la Diputaci\u00f3n de Lleida - Jornades per a l&#039;excel\u00b7l\u00e8ncia\" \/>\n<meta property=\"og:description\" content=\"Los j\u00f3venes lideran las XI Jornadas para la excelencia con una gran implicaci\u00f3n L@s j\u00f3venes son los protagonistas de las und\u00e9cimas Jornadas para la excelencia que se celebrar\u00e1n los d\u00edas 4 y 5 de octubre en Esterri d&#8217;\u00c0neu. El t\u00edtulo escogido: \u201cJuventud en el Pirineo. Proyecto vital y profesional\u201d define de forma clara el objetivo de este a\u00f1o para profundizar en los problemas, inquietudes, retos y propuestas de futuro de los y las j\u00f3venes en el Pirineo. Debate y propuestas [&hellip;]\" \/>\n<meta property=\"og:url\" content=\"https:\/\/www.jornadesperalexcellencia.cat\/es\/presentacion-de-las-jornadas-2024-a-la-diputacion-de-lleida\/\" \/>\n<meta property=\"og:site_name\" content=\"Jornades per a l&#039;excel\u00b7l\u00e8ncia\" \/>\n<meta property=\"article:published_time\" content=\"2024-07-11T15:23:51+00:00\" \/>\n<meta property=\"article:modified_time\" content=\"2024-07-11T16:03:37+00:00\" \/>\n<meta property=\"og:image\" content=\"https:\/\/www.jornadesperalexcellencia.cat\/wp-content\/uploads\/2024\/07\/2024-presentacio-jornades-excellencia-diputacio-lleida-joan-talarn-1.jpg\" \/>\n\t<meta property=\"og:image:width\" content=\"900\" \/>\n\t<meta property=\"og:image:height\" content=\"600\" \/>\n\t<meta property=\"og:image:type\" content=\"image\/jpeg\" \/>\n<meta name=\"author\" content=\"PCadmin-jx\" \/>\n<meta name=\"twitter:card\" content=\"summary_large_image\" \/>\n<meta name=\"twitter:label1\" content=\"Escrito por\" \/>\n\t<meta name=\"twitter:data1\" content=\"PCadmin-jx\" \/>\n\t<meta name=\"twitter:label2\" content=\"Tiempo de lectura\" \/>\n\t<meta name=\"twitter:data2\" content=\"2 minutos\" \/>\n<script type=\"application\/ld+json\" class=\"yoast-schema-graph\">{\"@context\":\"https:\\\/\\\/schema.org\",\"@graph\":[{\"@type\":\"Article\",\"@id\":\"https:\\\/\\\/www.jornadesperalexcellencia.cat\\\/es\\\/presentacion-de-las-jornadas-2024-a-la-diputacion-de-lleida\\\/#article\",\"isPartOf\":{\"@id\":\"https:\\\/\\\/www.jornadesperalexcellencia.cat\\\/es\\\/presentacion-de-las-jornadas-2024-a-la-diputacion-de-lleida\\\/\"},\"author\":{\"name\":\"PCadmin-jx\",\"@id\":\"https:\\\/\\\/www.jornadesperalexcellencia.cat\\\/es\\\/#\\\/schema\\\/person\\\/647af0bd5b91e43a5f04ee7b596bf2ca\"},\"headline\":\"Presentaci\u00f3n de las Jornadas 2024 a la Diputaci\u00f3n de Lleida\",\"datePublished\":\"2024-07-11T15:23:51+00:00\",\"dateModified\":\"2024-07-11T16:03:37+00:00\",\"mainEntityOfPage\":{\"@id\":\"https:\\\/\\\/www.jornadesperalexcellencia.cat\\\/es\\\/presentacion-de-las-jornadas-2024-a-la-diputacion-de-lleida\\\/\"},\"wordCount\":497,\"image\":{\"@id\":\"https:\\\/\\\/www.jornadesperalexcellencia.cat\\\/es\\\/presentacion-de-las-jornadas-2024-a-la-diputacion-de-lleida\\\/#primaryimage\"},\"thumbnailUrl\":\"https:\\\/\\\/www.jornadesperalexcellencia.cat\\\/wp-content\\\/uploads\\\/2024\\\/07\\\/2024-presentacio-jornades-excellencia-diputacio-lleida-joan-talarn-1.jpg\",\"articleSection\":[\"Actualidad\"],\"inLanguage\":\"es\"},{\"@type\":\"WebPage\",\"@id\":\"https:\\\/\\\/www.jornadesperalexcellencia.cat\\\/es\\\/presentacion-de-las-jornadas-2024-a-la-diputacion-de-lleida\\\/\",\"url\":\"https:\\\/\\\/www.jornadesperalexcellencia.cat\\\/es\\\/presentacion-de-las-jornadas-2024-a-la-diputacion-de-lleida\\\/\",\"name\":\"Presentaci\u00f3n de las Jornadas 2024 a la Diputaci\u00f3n de Lleida - Jornades per a l&#039;excel\u00b7l\u00e8ncia\",\"isPartOf\":{\"@id\":\"https:\\\/\\\/www.jornadesperalexcellencia.cat\\\/es\\\/#website\"},\"primaryImageOfPage\":{\"@id\":\"https:\\\/\\\/www.jornadesperalexcellencia.cat\\\/es\\\/presentacion-de-las-jornadas-2024-a-la-diputacion-de-lleida\\\/#primaryimage\"},\"image\":{\"@id\":\"https:\\\/\\\/www.jornadesperalexcellencia.cat\\\/es\\\/presentacion-de-las-jornadas-2024-a-la-diputacion-de-lleida\\\/#primaryimage\"},\"thumbnailUrl\":\"https:\\\/\\\/www.jornadesperalexcellencia.cat\\\/wp-content\\\/uploads\\\/2024\\\/07\\\/2024-presentacio-jornades-excellencia-diputacio-lleida-joan-talarn-1.jpg\",\"datePublished\":\"2024-07-11T15:23:51+00:00\",\"dateModified\":\"2024-07-11T16:03:37+00:00\",\"author\":{\"@id\":\"https:\\\/\\\/www.jornadesperalexcellencia.cat\\\/es\\\/#\\\/schema\\\/person\\\/647af0bd5b91e43a5f04ee7b596bf2ca\"},\"breadcrumb\":{\"@id\":\"https:\\\/\\\/www.jornadesperalexcellencia.cat\\\/es\\\/presentacion-de-las-jornadas-2024-a-la-diputacion-de-lleida\\\/#breadcrumb\"},\"inLanguage\":\"es\",\"potentialAction\":[{\"@type\":\"ReadAction\",\"target\":[\"https:\\\/\\\/www.jornadesperalexcellencia.cat\\\/es\\\/presentacion-de-las-jornadas-2024-a-la-diputacion-de-lleida\\\/\"]}]},{\"@type\":\"ImageObject\",\"inLanguage\":\"es\",\"@id\":\"https:\\\/\\\/www.jornadesperalexcellencia.cat\\\/es\\\/presentacion-de-las-jornadas-2024-a-la-diputacion-de-lleida\\\/#primaryimage\",\"url\":\"https:\\\/\\\/www.jornadesperalexcellencia.cat\\\/wp-content\\\/uploads\\\/2024\\\/07\\\/2024-presentacio-jornades-excellencia-diputacio-lleida-joan-talarn-1.jpg\",\"contentUrl\":\"https:\\\/\\\/www.jornadesperalexcellencia.cat\\\/wp-content\\\/uploads\\\/2024\\\/07\\\/2024-presentacio-jornades-excellencia-diputacio-lleida-joan-talarn-1.jpg\",\"width\":900,\"height\":600},{\"@type\":\"BreadcrumbList\",\"@id\":\"https:\\\/\\\/www.jornadesperalexcellencia.cat\\\/es\\\/presentacion-de-las-jornadas-2024-a-la-diputacion-de-lleida\\\/#breadcrumb\",\"itemListElement\":[{\"@type\":\"ListItem\",\"position\":1,\"name\":\"Inici\",\"item\":\"https:\\\/\\\/www.jornadesperalexcellencia.cat\\\/es\\\/inicio\\\/\"},{\"@type\":\"ListItem\",\"position\":2,\"name\":\"Presentaci\u00f3n de las Jornadas 2024 a la Diputaci\u00f3n de Lleida\"}]},{\"@type\":\"WebSite\",\"@id\":\"https:\\\/\\\/www.jornadesperalexcellencia.cat\\\/es\\\/#website\",\"url\":\"https:\\\/\\\/www.jornadesperalexcellencia.cat\\\/es\\\/\",\"name\":\"Jornades per a l&#039;excel\u00b7l\u00e8ncia\",\"description\":\"Confer\u00e8ncies anuals per al progr\u00e9s i desenvolupament dels territoris del Pirineu. Esterri d&#039;\u00c0neu i Andorra.\",\"alternateName\":\"Jornades per a l'excel\u00b7l\u00e8ncia\",\"potentialAction\":[{\"@type\":\"SearchAction\",\"target\":{\"@type\":\"EntryPoint\",\"urlTemplate\":\"https:\\\/\\\/www.jornadesperalexcellencia.cat\\\/es\\\/?s={search_term_string}\"},\"query-input\":{\"@type\":\"PropertyValueSpecification\",\"valueRequired\":true,\"valueName\":\"search_term_string\"}}],\"inLanguage\":\"es\"},{\"@type\":\"Person\",\"@id\":\"https:\\\/\\\/www.jornadesperalexcellencia.cat\\\/es\\\/#\\\/schema\\\/person\\\/647af0bd5b91e43a5f04ee7b596bf2ca\",\"name\":\"PCadmin-jx\",\"sameAs\":[\"https:\\\/\\\/www.jornadesperalexcellencia.cat\"],\"url\":\"https:\\\/\\\/www.jornadesperalexcellencia.cat\\\/es\\\/author\\\/pcadmin-jx\\\/\"}]}<\/script>\n<!-- \/ Yoast SEO plugin. -->","yoast_head_json":{"title":"Presentaci\u00f3n de las Jornadas 2024 a la Diputaci\u00f3n de Lleida - Jornades per a l&#039;excel\u00b7l\u00e8ncia","robots":{"index":"index","follow":"follow","max-snippet":"max-snippet:-1","max-image-preview":"max-image-preview:large","max-video-preview":"max-video-preview:-1"},"canonical":"https:\/\/www.jornadesperalexcellencia.cat\/es\/presentacion-de-las-jornadas-2024-a-la-diputacion-de-lleida\/","og_locale":"es_ES","og_type":"article","og_title":"Presentaci\u00f3n de las Jornadas 2024 a la Diputaci\u00f3n de Lleida - Jornades per a l&#039;excel\u00b7l\u00e8ncia","og_description":"Los j\u00f3venes lideran las XI Jornadas para la excelencia con una gran implicaci\u00f3n L@s j\u00f3venes son los protagonistas de las und\u00e9cimas Jornadas para la excelencia que se celebrar\u00e1n los d\u00edas 4 y 5 de octubre en Esterri d&#8217;\u00c0neu. El t\u00edtulo escogido: \u201cJuventud en el Pirineo. Proyecto vital y profesional\u201d define de forma clara el objetivo de este a\u00f1o para profundizar en los problemas, inquietudes, retos y propuestas de futuro de los y las j\u00f3venes en el Pirineo. Debate y propuestas [&hellip;]","og_url":"https:\/\/www.jornadesperalexcellencia.cat\/es\/presentacion-de-las-jornadas-2024-a-la-diputacion-de-lleida\/","og_site_name":"Jornades per a l&#039;excel\u00b7l\u00e8ncia","article_published_time":"2024-07-11T15:23:51+00:00","article_modified_time":"2024-07-11T16:03:37+00:00","og_image":[{"width":900,"height":600,"url":"https:\/\/www.jornadesperalexcellencia.cat\/wp-content\/uploads\/2024\/07\/2024-presentacio-jornades-excellencia-diputacio-lleida-joan-talarn-1.jpg","type":"image\/jpeg"}],"author":"PCadmin-jx","twitter_card":"summary_large_image","twitter_misc":{"Escrito por":"PCadmin-jx","Tiempo de lectura":"2 minutos"},"schema":{"@context":"https:\/\/schema.org","@graph":[{"@type":"Article","@id":"https:\/\/www.jornadesperalexcellencia.cat\/es\/presentacion-de-las-jornadas-2024-a-la-diputacion-de-lleida\/#article","isPartOf":{"@id":"https:\/\/www.jornadesperalexcellencia.cat\/es\/presentacion-de-las-jornadas-2024-a-la-diputacion-de-lleida\/"},"author":{"name":"PCadmin-jx","@id":"https:\/\/www.jornadesperalexcellencia.cat\/es\/#\/schema\/person\/647af0bd5b91e43a5f04ee7b596bf2ca"},"headline":"Presentaci\u00f3n de las Jornadas 2024 a la Diputaci\u00f3n de Lleida","datePublished":"2024-07-11T15:23:51+00:00","dateModified":"2024-07-11T16:03:37+00:00","mainEntityOfPage":{"@id":"https:\/\/www.jornadesperalexcellencia.cat\/es\/presentacion-de-las-jornadas-2024-a-la-diputacion-de-lleida\/"},"wordCount":497,"image":{"@id":"https:\/\/www.jornadesperalexcellencia.cat\/es\/presentacion-de-las-jornadas-2024-a-la-diputacion-de-lleida\/#primaryimage"},"thumbnailUrl":"https:\/\/www.jornadesperalexcellencia.cat\/wp-content\/uploads\/2024\/07\/2024-presentacio-jornades-excellencia-diputacio-lleida-joan-talarn-1.jpg","articleSection":["Actualidad"],"inLanguage":"es"},{"@type":"WebPage","@id":"https:\/\/www.jornadesperalexcellencia.cat\/es\/presentacion-de-las-jornadas-2024-a-la-diputacion-de-lleida\/","url":"https:\/\/www.jornadesperalexcellencia.cat\/es\/presentacion-de-las-jornadas-2024-a-la-diputacion-de-lleida\/","name":"Presentaci\u00f3n de las Jornadas 2024 a la Diputaci\u00f3n de Lleida - Jornades per a l&#039;excel\u00b7l\u00e8ncia","isPartOf":{"@id":"https:\/\/www.jornadesperalexcellencia.cat\/es\/#website"},"primaryImageOfPage":{"@id":"https:\/\/www.jornadesperalexcellencia.cat\/es\/presentacion-de-las-jornadas-2024-a-la-diputacion-de-lleida\/#primaryimage"},"image":{"@id":"https:\/\/www.jornadesperalexcellencia.cat\/es\/presentacion-de-las-jornadas-2024-a-la-diputacion-de-lleida\/#primaryimage"},"thumbnailUrl":"https:\/\/www.jornadesperalexcellencia.cat\/wp-content\/uploads\/2024\/07\/2024-presentacio-jornades-excellencia-diputacio-lleida-joan-talarn-1.jpg","datePublished":"2024-07-11T15:23:51+00:00","dateModified":"2024-07-11T16:03:37+00:00","author":{"@id":"https:\/\/www.jornadesperalexcellencia.cat\/es\/#\/schema\/person\/647af0bd5b91e43a5f04ee7b596bf2ca"},"breadcrumb":{"@id":"https:\/\/www.jornadesperalexcellencia.cat\/es\/presentacion-de-las-jornadas-2024-a-la-diputacion-de-lleida\/#breadcrumb"},"inLanguage":"es","potentialAction":[{"@type":"ReadAction","target":["https:\/\/www.jornadesperalexcellencia.cat\/es\/presentacion-de-las-jornadas-2024-a-la-diputacion-de-lleida\/"]}]},{"@type":"ImageObject","inLanguage":"es","@id":"https:\/\/www.jornadesperalexcellencia.cat\/es\/presentacion-de-las-jornadas-2024-a-la-diputacion-de-lleida\/#primaryimage","url":"https:\/\/www.jornadesperalexcellencia.cat\/wp-content\/uploads\/2024\/07\/2024-presentacio-jornades-excellencia-diputacio-lleida-joan-talarn-1.jpg","contentUrl":"https:\/\/www.jornadesperalexcellencia.cat\/wp-content\/uploads\/2024\/07\/2024-presentacio-jornades-excellencia-diputacio-lleida-joan-talarn-1.jpg","width":900,"height":600},{"@type":"BreadcrumbList","@id":"https:\/\/www.jornadesperalexcellencia.cat\/es\/presentacion-de-las-jornadas-2024-a-la-diputacion-de-lleida\/#breadcrumb","itemListElement":[{"@type":"ListItem","position":1,"name":"Inici","item":"https:\/\/www.jornadesperalexcellencia.cat\/es\/inicio\/"},{"@type":"ListItem","position":2,"name":"Presentaci\u00f3n de las Jornadas 2024 a la Diputaci\u00f3n de Lleida"}]},{"@type":"WebSite","@id":"https:\/\/www.jornadesperalexcellencia.cat\/es\/#website","url":"https:\/\/www.jornadesperalexcellencia.cat\/es\/","name":"Jornades per a l&#039;excel\u00b7l\u00e8ncia","description":"Confer\u00e8ncies anuals per al progr\u00e9s i desenvolupament dels territoris del Pirineu. Esterri d&#039;\u00c0neu i Andorra.","alternateName":"Jornades per a l'excel\u00b7l\u00e8ncia","potentialAction":[{"@type":"SearchAction","target":{"@type":"EntryPoint","urlTemplate":"https:\/\/www.jornadesperalexcellencia.cat\/es\/?s={search_term_string}"},"query-input":{"@type":"PropertyValueSpecification","valueRequired":true,"valueName":"search_term_string"}}],"inLanguage":"es"},{"@type":"Person","@id":"https:\/\/www.jornadesperalexcellencia.cat\/es\/#\/schema\/person\/647af0bd5b91e43a5f04ee7b596bf2ca","name":"PCadmin-jx","sameAs":["https:\/\/www.jornadesperalexcellencia.cat"],"url":"https:\/\/www.jornadesperalexcellencia.cat\/es\/author\/pcadmin-jx\/"}]}},"_links":{"self":[{"href":"https:\/\/www.jornadesperalexcellencia.cat\/es\/wp-json\/wp\/v2\/posts\/10157","targetHints":{"allow":["GET"]}}],"collection":[{"href":"https:\/\/www.jornadesperalexcellencia.cat\/es\/wp-json\/wp\/v2\/posts"}],"about":[{"href":"https:\/\/www.jornadesperalexcellencia.cat\/es\/wp-json\/wp\/v2\/types\/post"}],"author":[{"embeddable":true,"href":"https:\/\/www.jornadesperalexcellencia.cat\/es\/wp-json\/wp\/v2\/users\/1"}],"replies":[{"embeddable":true,"href":"https:\/\/www.jornadesperalexcellencia.cat\/es\/wp-json\/wp\/v2\/comments?post=10157"}],"version-history":[{"count":0,"href":"https:\/\/www.jornadesperalexcellencia.cat\/es\/wp-json\/wp\/v2\/posts\/10157\/revisions"}],"wp:featuredmedia":[{"embeddable":true,"href":"https:\/\/www.jornadesperalexcellencia.cat\/es\/wp-json\/wp\/v2\/media\/10151"}],"wp:attachment":[{"href":"https:\/\/www.jornadesperalexcellencia.cat\/es\/wp-json\/wp\/v2\/media?parent=10157"}],"wp:term":[{"taxonomy":"category","embeddable":true,"href":"https:\/\/www.jornadesperalexcellencia.cat\/es\/wp-json\/wp\/v2\/categories?post=10157"},{"taxonomy":"post_tag","embeddable":true,"href":"https:\/\/www.jornadesperalexcellencia.cat\/es\/wp-json\/wp\/v2\/tags?post=10157"}],"curies":[{"name":"wp","href":"https:\/\/api.w.org\/{rel}","templated":true}]}}