{"id":10131,"date":"2024-05-24T15:49:01","date_gmt":"2024-05-24T13:49:01","guid":{"rendered":"https:\/\/www.jornadesperalexcellencia.cat\/?p=10131"},"modified":"2024-05-24T16:06:41","modified_gmt":"2024-05-24T14:06:41","slug":"encuentros-participativos-para-impulsar-el-debate-entre-los-jovenes-del-pirineo","status":"publish","type":"post","link":"https:\/\/www.jornadesperalexcellencia.cat\/es\/encuentros-participativos-para-impulsar-el-debate-entre-los-jovenes-del-pirineo\/","title":{"rendered":"Encuentros participativos para impulsar el debate entre los j\u00f3venes del Pirineo"},"content":{"rendered":"<p><strong>\u201cJuventud en el Pirineo. Proyecto vital y profesional\u201d, t\u00edtulo de las Jornadas para la excelencia de este a\u00f1o.<\/strong><\/p>\n<p>Las Jornadas para la excelencia promueven una serie de encuentros participativos para conocer la opini\u00f3n de los j\u00f3venes e impulsar su participaci\u00f3n y as\u00ed poder dar voz a sus inquietudes y debatir las conclusiones extra\u00eddas a las Jornadas que se celebrar\u00e1n los d\u00edas 4 y 5 de octubre en Esterri d&#8217;\u00c0neu y que este a\u00f1o est\u00e1n dedicadas a la juventud.<\/p>\n<p>La primera sesi\u00f3n se celebrar\u00e1 este <span style=\"color: #ff0000;\">jueves, 23 de mayo, en el <u>Centro C\u00edvico de Sort<\/u> a las 18.00 horas<\/span>. La <strong>oficina Sobir\u00e0 Jove<\/strong> del <strong>Consell Comarcal del Pallars Sobir\u00e0<\/strong> y las Jornadas para la excelencia organizan este encuentro. El objetivo es congregar al m\u00e1ximo n\u00famero de chicas y chicos de entre 18 y 35 a\u00f1os para constituir un grupo de trabajo dedicado a aportar debate, reflexiones y propuestas de futuro sobre ocio, cultura y tejido asociativo. Las conclusiones y sugerencias se incorporar\u00e1n a las Jornadas para la excelencia.<\/p>\n<p>Para la pr\u00f3xima semana, se han convocado dos sesiones participativas para tratar la retenci\u00f3n del talento y la fijaci\u00f3n de los j\u00f3venes en los territorios de monta\u00f1a. El <span style=\"color: #ff0000;\">mi\u00e9rcoles 29 de mayo en la <u>Sala Inmaculada de La Seu d&#8217;Urgell<\/u><\/span> y el <span style=\"color: #ff0000;\">jueves, 30 de mayo, en la sala del teatro del Polideportivo\u00a0<u>Els Til\u00b7lers de Sort<\/u>, de las 11.00 a las 12.00 de la ma\u00f1ana<\/span>. En este caso la organizaci\u00f3n es a cargo de la <strong>Oficina T\u00e8cnica de Transformaci\u00f3 Econ\u00f2mica de les Terres de Lleida, Pirineu i Aran de la Diputaci\u00f3 de Lleida<\/strong> en colaboraci\u00f3n con las Jornades per a l\u2019excel\u00b7l\u00e8ncia y el <strong>Mecanisme de Descoberta d\u2019Oportunitats de la Generalitat de Catalunya<\/strong>.<br \/>\n&nbsp;<br \/>\n<span style=\"background-color: #f2ebac; padding: 10px 20px; margin: 20px 0px;\"><a href=\"https:\/\/form.jotform.com\/241232667110345\" target=\"_blank\" rel=\"noopener\">>> ENLACE DE INSCRIPCI\u00d3N GRATUITA<\/a><\/span><br \/>\n&nbsp;<br \/>\nEl t\u00edtulo de las Jornadas para la excelencia de este a\u00f1o es \u201cJuventud en el Pirineo. Proyecto vital y profesional\u201d, que describe claramente que la finalidad de esta und\u00e9cima edici\u00f3n ser\u00e1 reflexionar y debatir sobre los problemas, inquietudes, retos y propuestas de futuro de los j\u00f3venes en el Pirineo.<\/p>\n<p>C\u00f3mo demuestran estos encuentros participativos, la voluntad es fomentar la implicaci\u00f3n y participaci\u00f3n directa de las chicas y chicos en la preparaci\u00f3n y desarrollo de las Jornadas. Estas se celebrar\u00e1n en <strong>Esterri d&#8217;\u00c0neu los d\u00edas 4 y 5 de octubre y, igual que los \u00faltimos a\u00f1os, se prev\u00e9 una sesi\u00f3n en Andorra, consolidando la colaboraci\u00f3n del gobierno de este pa\u00eds pirenaico, y se trabaja con el Conselh Gener\u00e1is para celebrar tambi\u00e9n en la Val d&#8217;Aran un acto vinculado en las Jornadas para la excelencia.<\/strong><\/p>","protected":false},"excerpt":{"rendered":"<p>\u201cJuventud en el Pirineo. Proyecto vital y profesional\u201d, t\u00edtulo de las Jornadas para la excelencia de este a\u00f1o. Las Jornadas para la excelencia promueven una serie de encuentros participativos para conocer la opini\u00f3n de los j\u00f3venes e impulsar su participaci\u00f3n y as\u00ed poder dar voz a sus inquietudes y debatir las conclusiones extra\u00eddas a las Jornadas que se celebrar\u00e1n los d\u00edas 4 y 5 de octubre en Esterri d&#8217;\u00c0neu y que este a\u00f1o est\u00e1n dedicadas a la juventud. La primera [&hellip;]<\/p>\n","protected":false},"author":1,"featured_media":9858,"comment_status":"closed","ping_status":"closed","sticky":false,"template":"","format":"standard","meta":{"footnotes":""},"categories":[326],"tags":[],"class_list":["post-10131","post","type-post","status-publish","format-standard","has-post-thumbnail","hentry","category-general-es"],"yoast_head":"<!-- This site is optimized with the Yoast SEO plugin v27.5 - https:\/\/yoast.com\/product\/yoast-seo-wordpress\/ -->\n<title>Encuentros participativos para impulsar el debate entre los j\u00f3venes del Pirineo - Jornades per a l&#039;excel\u00b7l\u00e8ncia<\/title>\n<meta name=\"robots\" content=\"index, follow, max-snippet:-1, max-image-preview:large, max-video-preview:-1\" \/>\n<link rel=\"canonical\" href=\"https:\/\/www.jornadesperalexcellencia.cat\/es\/encuentros-participativos-para-impulsar-el-debate-entre-los-jovenes-del-pirineo\/\" \/>\n<meta property=\"og:locale\" content=\"es_ES\" \/>\n<meta property=\"og:type\" content=\"article\" \/>\n<meta property=\"og:title\" content=\"Encuentros participativos para impulsar el debate entre los j\u00f3venes del Pirineo - Jornades per a l&#039;excel\u00b7l\u00e8ncia\" \/>\n<meta property=\"og:description\" content=\"\u201cJuventud en el Pirineo. Proyecto vital y profesional\u201d, t\u00edtulo de las Jornadas para la excelencia de este a\u00f1o. Las Jornadas para la excelencia promueven una serie de encuentros participativos para conocer la opini\u00f3n de los j\u00f3venes e impulsar su participaci\u00f3n y as\u00ed poder dar voz a sus inquietudes y debatir las conclusiones extra\u00eddas a las Jornadas que se celebrar\u00e1n los d\u00edas 4 y 5 de octubre en Esterri d&#8217;\u00c0neu y que este a\u00f1o est\u00e1n dedicadas a la juventud. La primera [&hellip;]\" \/>\n<meta property=\"og:url\" content=\"https:\/\/www.jornadesperalexcellencia.cat\/es\/encuentros-participativos-para-impulsar-el-debate-entre-los-jovenes-del-pirineo\/\" \/>\n<meta property=\"og:site_name\" content=\"Jornades per a l&#039;excel\u00b7l\u00e8ncia\" \/>\n<meta property=\"article:published_time\" content=\"2024-05-24T13:49:01+00:00\" \/>\n<meta property=\"article:modified_time\" content=\"2024-05-24T14:06:41+00:00\" \/>\n<meta property=\"og:image\" content=\"https:\/\/www.jornadesperalexcellencia.cat\/wp-content\/uploads\/2023\/10\/2023-jornades-excellencia-esterri-futur-pirineu-31.jpg\" \/>\n\t<meta property=\"og:image:width\" content=\"899\" \/>\n\t<meta property=\"og:image:height\" content=\"600\" \/>\n\t<meta property=\"og:image:type\" content=\"image\/jpeg\" \/>\n<meta name=\"author\" content=\"PCadmin-jx\" \/>\n<meta name=\"twitter:card\" content=\"summary_large_image\" \/>\n<meta name=\"twitter:label1\" content=\"Escrito por\" \/>\n\t<meta name=\"twitter:data1\" content=\"PCadmin-jx\" \/>\n\t<meta name=\"twitter:label2\" content=\"Tiempo de lectura\" \/>\n\t<meta name=\"twitter:data2\" content=\"2 minutos\" \/>\n<script type=\"application\/ld+json\" class=\"yoast-schema-graph\">{\"@context\":\"https:\\\/\\\/schema.org\",\"@graph\":[{\"@type\":\"Article\",\"@id\":\"https:\\\/\\\/www.jornadesperalexcellencia.cat\\\/es\\\/encuentros-participativos-para-impulsar-el-debate-entre-los-jovenes-del-pirineo\\\/#article\",\"isPartOf\":{\"@id\":\"https:\\\/\\\/www.jornadesperalexcellencia.cat\\\/es\\\/encuentros-participativos-para-impulsar-el-debate-entre-los-jovenes-del-pirineo\\\/\"},\"author\":{\"name\":\"PCadmin-jx\",\"@id\":\"https:\\\/\\\/www.jornadesperalexcellencia.cat\\\/es\\\/#\\\/schema\\\/person\\\/647af0bd5b91e43a5f04ee7b596bf2ca\"},\"headline\":\"Encuentros participativos para impulsar el debate entre los j\u00f3venes del Pirineo\",\"datePublished\":\"2024-05-24T13:49:01+00:00\",\"dateModified\":\"2024-05-24T14:06:41+00:00\",\"mainEntityOfPage\":{\"@id\":\"https:\\\/\\\/www.jornadesperalexcellencia.cat\\\/es\\\/encuentros-participativos-para-impulsar-el-debate-entre-los-jovenes-del-pirineo\\\/\"},\"wordCount\":471,\"image\":{\"@id\":\"https:\\\/\\\/www.jornadesperalexcellencia.cat\\\/es\\\/encuentros-participativos-para-impulsar-el-debate-entre-los-jovenes-del-pirineo\\\/#primaryimage\"},\"thumbnailUrl\":\"https:\\\/\\\/www.jornadesperalexcellencia.cat\\\/wp-content\\\/uploads\\\/2023\\\/10\\\/2023-jornades-excellencia-esterri-futur-pirineu-31.jpg\",\"articleSection\":[\"General\"],\"inLanguage\":\"es\"},{\"@type\":\"WebPage\",\"@id\":\"https:\\\/\\\/www.jornadesperalexcellencia.cat\\\/es\\\/encuentros-participativos-para-impulsar-el-debate-entre-los-jovenes-del-pirineo\\\/\",\"url\":\"https:\\\/\\\/www.jornadesperalexcellencia.cat\\\/es\\\/encuentros-participativos-para-impulsar-el-debate-entre-los-jovenes-del-pirineo\\\/\",\"name\":\"Encuentros participativos para impulsar el debate entre los j\u00f3venes del Pirineo - Jornades per a l&#039;excel\u00b7l\u00e8ncia\",\"isPartOf\":{\"@id\":\"https:\\\/\\\/www.jornadesperalexcellencia.cat\\\/es\\\/#website\"},\"primaryImageOfPage\":{\"@id\":\"https:\\\/\\\/www.jornadesperalexcellencia.cat\\\/es\\\/encuentros-participativos-para-impulsar-el-debate-entre-los-jovenes-del-pirineo\\\/#primaryimage\"},\"image\":{\"@id\":\"https:\\\/\\\/www.jornadesperalexcellencia.cat\\\/es\\\/encuentros-participativos-para-impulsar-el-debate-entre-los-jovenes-del-pirineo\\\/#primaryimage\"},\"thumbnailUrl\":\"https:\\\/\\\/www.jornadesperalexcellencia.cat\\\/wp-content\\\/uploads\\\/2023\\\/10\\\/2023-jornades-excellencia-esterri-futur-pirineu-31.jpg\",\"datePublished\":\"2024-05-24T13:49:01+00:00\",\"dateModified\":\"2024-05-24T14:06:41+00:00\",\"author\":{\"@id\":\"https:\\\/\\\/www.jornadesperalexcellencia.cat\\\/es\\\/#\\\/schema\\\/person\\\/647af0bd5b91e43a5f04ee7b596bf2ca\"},\"breadcrumb\":{\"@id\":\"https:\\\/\\\/www.jornadesperalexcellencia.cat\\\/es\\\/encuentros-participativos-para-impulsar-el-debate-entre-los-jovenes-del-pirineo\\\/#breadcrumb\"},\"inLanguage\":\"es\",\"potentialAction\":[{\"@type\":\"ReadAction\",\"target\":[\"https:\\\/\\\/www.jornadesperalexcellencia.cat\\\/es\\\/encuentros-participativos-para-impulsar-el-debate-entre-los-jovenes-del-pirineo\\\/\"]}]},{\"@type\":\"ImageObject\",\"inLanguage\":\"es\",\"@id\":\"https:\\\/\\\/www.jornadesperalexcellencia.cat\\\/es\\\/encuentros-participativos-para-impulsar-el-debate-entre-los-jovenes-del-pirineo\\\/#primaryimage\",\"url\":\"https:\\\/\\\/www.jornadesperalexcellencia.cat\\\/wp-content\\\/uploads\\\/2023\\\/10\\\/2023-jornades-excellencia-esterri-futur-pirineu-31.jpg\",\"contentUrl\":\"https:\\\/\\\/www.jornadesperalexcellencia.cat\\\/wp-content\\\/uploads\\\/2023\\\/10\\\/2023-jornades-excellencia-esterri-futur-pirineu-31.jpg\",\"width\":899,\"height\":600},{\"@type\":\"BreadcrumbList\",\"@id\":\"https:\\\/\\\/www.jornadesperalexcellencia.cat\\\/es\\\/encuentros-participativos-para-impulsar-el-debate-entre-los-jovenes-del-pirineo\\\/#breadcrumb\",\"itemListElement\":[{\"@type\":\"ListItem\",\"position\":1,\"name\":\"Inici\",\"item\":\"https:\\\/\\\/www.jornadesperalexcellencia.cat\\\/es\\\/inicio\\\/\"},{\"@type\":\"ListItem\",\"position\":2,\"name\":\"Encuentros participativos para impulsar el debate entre los j\u00f3venes del Pirineo\"}]},{\"@type\":\"WebSite\",\"@id\":\"https:\\\/\\\/www.jornadesperalexcellencia.cat\\\/es\\\/#website\",\"url\":\"https:\\\/\\\/www.jornadesperalexcellencia.cat\\\/es\\\/\",\"name\":\"Jornades per a l&#039;excel\u00b7l\u00e8ncia\",\"description\":\"Confer\u00e8ncies anuals per al progr\u00e9s i desenvolupament dels territoris del Pirineu. Esterri d&#039;\u00c0neu i Andorra.\",\"alternateName\":\"Jornades per a l'excel\u00b7l\u00e8ncia\",\"potentialAction\":[{\"@type\":\"SearchAction\",\"target\":{\"@type\":\"EntryPoint\",\"urlTemplate\":\"https:\\\/\\\/www.jornadesperalexcellencia.cat\\\/es\\\/?s={search_term_string}\"},\"query-input\":{\"@type\":\"PropertyValueSpecification\",\"valueRequired\":true,\"valueName\":\"search_term_string\"}}],\"inLanguage\":\"es\"},{\"@type\":\"Person\",\"@id\":\"https:\\\/\\\/www.jornadesperalexcellencia.cat\\\/es\\\/#\\\/schema\\\/person\\\/647af0bd5b91e43a5f04ee7b596bf2ca\",\"name\":\"PCadmin-jx\",\"sameAs\":[\"https:\\\/\\\/www.jornadesperalexcellencia.cat\"],\"url\":\"https:\\\/\\\/www.jornadesperalexcellencia.cat\\\/es\\\/author\\\/pcadmin-jx\\\/\"}]}<\/script>\n<!-- \/ Yoast SEO plugin. -->","yoast_head_json":{"title":"Encuentros participativos para impulsar el debate entre los j\u00f3venes del Pirineo - Jornades per a l&#039;excel\u00b7l\u00e8ncia","robots":{"index":"index","follow":"follow","max-snippet":"max-snippet:-1","max-image-preview":"max-image-preview:large","max-video-preview":"max-video-preview:-1"},"canonical":"https:\/\/www.jornadesperalexcellencia.cat\/es\/encuentros-participativos-para-impulsar-el-debate-entre-los-jovenes-del-pirineo\/","og_locale":"es_ES","og_type":"article","og_title":"Encuentros participativos para impulsar el debate entre los j\u00f3venes del Pirineo - Jornades per a l&#039;excel\u00b7l\u00e8ncia","og_description":"\u201cJuventud en el Pirineo. Proyecto vital y profesional\u201d, t\u00edtulo de las Jornadas para la excelencia de este a\u00f1o. Las Jornadas para la excelencia promueven una serie de encuentros participativos para conocer la opini\u00f3n de los j\u00f3venes e impulsar su participaci\u00f3n y as\u00ed poder dar voz a sus inquietudes y debatir las conclusiones extra\u00eddas a las Jornadas que se celebrar\u00e1n los d\u00edas 4 y 5 de octubre en Esterri d&#8217;\u00c0neu y que este a\u00f1o est\u00e1n dedicadas a la juventud. La primera [&hellip;]","og_url":"https:\/\/www.jornadesperalexcellencia.cat\/es\/encuentros-participativos-para-impulsar-el-debate-entre-los-jovenes-del-pirineo\/","og_site_name":"Jornades per a l&#039;excel\u00b7l\u00e8ncia","article_published_time":"2024-05-24T13:49:01+00:00","article_modified_time":"2024-05-24T14:06:41+00:00","og_image":[{"width":899,"height":600,"url":"https:\/\/www.jornadesperalexcellencia.cat\/wp-content\/uploads\/2023\/10\/2023-jornades-excellencia-esterri-futur-pirineu-31.jpg","type":"image\/jpeg"}],"author":"PCadmin-jx","twitter_card":"summary_large_image","twitter_misc":{"Escrito por":"PCadmin-jx","Tiempo de lectura":"2 minutos"},"schema":{"@context":"https:\/\/schema.org","@graph":[{"@type":"Article","@id":"https:\/\/www.jornadesperalexcellencia.cat\/es\/encuentros-participativos-para-impulsar-el-debate-entre-los-jovenes-del-pirineo\/#article","isPartOf":{"@id":"https:\/\/www.jornadesperalexcellencia.cat\/es\/encuentros-participativos-para-impulsar-el-debate-entre-los-jovenes-del-pirineo\/"},"author":{"name":"PCadmin-jx","@id":"https:\/\/www.jornadesperalexcellencia.cat\/es\/#\/schema\/person\/647af0bd5b91e43a5f04ee7b596bf2ca"},"headline":"Encuentros participativos para impulsar el debate entre los j\u00f3venes del Pirineo","datePublished":"2024-05-24T13:49:01+00:00","dateModified":"2024-05-24T14:06:41+00:00","mainEntityOfPage":{"@id":"https:\/\/www.jornadesperalexcellencia.cat\/es\/encuentros-participativos-para-impulsar-el-debate-entre-los-jovenes-del-pirineo\/"},"wordCount":471,"image":{"@id":"https:\/\/www.jornadesperalexcellencia.cat\/es\/encuentros-participativos-para-impulsar-el-debate-entre-los-jovenes-del-pirineo\/#primaryimage"},"thumbnailUrl":"https:\/\/www.jornadesperalexcellencia.cat\/wp-content\/uploads\/2023\/10\/2023-jornades-excellencia-esterri-futur-pirineu-31.jpg","articleSection":["General"],"inLanguage":"es"},{"@type":"WebPage","@id":"https:\/\/www.jornadesperalexcellencia.cat\/es\/encuentros-participativos-para-impulsar-el-debate-entre-los-jovenes-del-pirineo\/","url":"https:\/\/www.jornadesperalexcellencia.cat\/es\/encuentros-participativos-para-impulsar-el-debate-entre-los-jovenes-del-pirineo\/","name":"Encuentros participativos para impulsar el debate entre los j\u00f3venes del Pirineo - Jornades per a l&#039;excel\u00b7l\u00e8ncia","isPartOf":{"@id":"https:\/\/www.jornadesperalexcellencia.cat\/es\/#website"},"primaryImageOfPage":{"@id":"https:\/\/www.jornadesperalexcellencia.cat\/es\/encuentros-participativos-para-impulsar-el-debate-entre-los-jovenes-del-pirineo\/#primaryimage"},"image":{"@id":"https:\/\/www.jornadesperalexcellencia.cat\/es\/encuentros-participativos-para-impulsar-el-debate-entre-los-jovenes-del-pirineo\/#primaryimage"},"thumbnailUrl":"https:\/\/www.jornadesperalexcellencia.cat\/wp-content\/uploads\/2023\/10\/2023-jornades-excellencia-esterri-futur-pirineu-31.jpg","datePublished":"2024-05-24T13:49:01+00:00","dateModified":"2024-05-24T14:06:41+00:00","author":{"@id":"https:\/\/www.jornadesperalexcellencia.cat\/es\/#\/schema\/person\/647af0bd5b91e43a5f04ee7b596bf2ca"},"breadcrumb":{"@id":"https:\/\/www.jornadesperalexcellencia.cat\/es\/encuentros-participativos-para-impulsar-el-debate-entre-los-jovenes-del-pirineo\/#breadcrumb"},"inLanguage":"es","potentialAction":[{"@type":"ReadAction","target":["https:\/\/www.jornadesperalexcellencia.cat\/es\/encuentros-participativos-para-impulsar-el-debate-entre-los-jovenes-del-pirineo\/"]}]},{"@type":"ImageObject","inLanguage":"es","@id":"https:\/\/www.jornadesperalexcellencia.cat\/es\/encuentros-participativos-para-impulsar-el-debate-entre-los-jovenes-del-pirineo\/#primaryimage","url":"https:\/\/www.jornadesperalexcellencia.cat\/wp-content\/uploads\/2023\/10\/2023-jornades-excellencia-esterri-futur-pirineu-31.jpg","contentUrl":"https:\/\/www.jornadesperalexcellencia.cat\/wp-content\/uploads\/2023\/10\/2023-jornades-excellencia-esterri-futur-pirineu-31.jpg","width":899,"height":600},{"@type":"BreadcrumbList","@id":"https:\/\/www.jornadesperalexcellencia.cat\/es\/encuentros-participativos-para-impulsar-el-debate-entre-los-jovenes-del-pirineo\/#breadcrumb","itemListElement":[{"@type":"ListItem","position":1,"name":"Inici","item":"https:\/\/www.jornadesperalexcellencia.cat\/es\/inicio\/"},{"@type":"ListItem","position":2,"name":"Encuentros participativos para impulsar el debate entre los j\u00f3venes del Pirineo"}]},{"@type":"WebSite","@id":"https:\/\/www.jornadesperalexcellencia.cat\/es\/#website","url":"https:\/\/www.jornadesperalexcellencia.cat\/es\/","name":"Jornades per a l&#039;excel\u00b7l\u00e8ncia","description":"Confer\u00e8ncies anuals per al progr\u00e9s i desenvolupament dels territoris del Pirineu. Esterri d&#039;\u00c0neu i Andorra.","alternateName":"Jornades per a l'excel\u00b7l\u00e8ncia","potentialAction":[{"@type":"SearchAction","target":{"@type":"EntryPoint","urlTemplate":"https:\/\/www.jornadesperalexcellencia.cat\/es\/?s={search_term_string}"},"query-input":{"@type":"PropertyValueSpecification","valueRequired":true,"valueName":"search_term_string"}}],"inLanguage":"es"},{"@type":"Person","@id":"https:\/\/www.jornadesperalexcellencia.cat\/es\/#\/schema\/person\/647af0bd5b91e43a5f04ee7b596bf2ca","name":"PCadmin-jx","sameAs":["https:\/\/www.jornadesperalexcellencia.cat"],"url":"https:\/\/www.jornadesperalexcellencia.cat\/es\/author\/pcadmin-jx\/"}]}},"_links":{"self":[{"href":"https:\/\/www.jornadesperalexcellencia.cat\/es\/wp-json\/wp\/v2\/posts\/10131","targetHints":{"allow":["GET"]}}],"collection":[{"href":"https:\/\/www.jornadesperalexcellencia.cat\/es\/wp-json\/wp\/v2\/posts"}],"about":[{"href":"https:\/\/www.jornadesperalexcellencia.cat\/es\/wp-json\/wp\/v2\/types\/post"}],"author":[{"embeddable":true,"href":"https:\/\/www.jornadesperalexcellencia.cat\/es\/wp-json\/wp\/v2\/users\/1"}],"replies":[{"embeddable":true,"href":"https:\/\/www.jornadesperalexcellencia.cat\/es\/wp-json\/wp\/v2\/comments?post=10131"}],"version-history":[{"count":0,"href":"https:\/\/www.jornadesperalexcellencia.cat\/es\/wp-json\/wp\/v2\/posts\/10131\/revisions"}],"wp:featuredmedia":[{"embeddable":true,"href":"https:\/\/www.jornadesperalexcellencia.cat\/es\/wp-json\/wp\/v2\/media\/9858"}],"wp:attachment":[{"href":"https:\/\/www.jornadesperalexcellencia.cat\/es\/wp-json\/wp\/v2\/media?parent=10131"}],"wp:term":[{"taxonomy":"category","embeddable":true,"href":"https:\/\/www.jornadesperalexcellencia.cat\/es\/wp-json\/wp\/v2\/categories?post=10131"},{"taxonomy":"post_tag","embeddable":true,"href":"https:\/\/www.jornadesperalexcellencia.cat\/es\/wp-json\/wp\/v2\/tags?post=10131"}],"curies":[{"name":"wp","href":"https:\/\/api.w.org\/{rel}","templated":true}]}}