{"id":10093,"date":"2024-04-30T20:45:52","date_gmt":"2024-04-30T18:45:52","guid":{"rendered":"https:\/\/www.jornadesperalexcellencia.cat\/?p=10093"},"modified":"2024-05-01T20:47:27","modified_gmt":"2024-05-01T18:47:27","slug":"el-papel-de-los-jovenes-en-el-pirineo-centrara-las-jornadas-para-la-excelencia-de-este-ano","status":"publish","type":"post","link":"https:\/\/www.jornadesperalexcellencia.cat\/es\/el-papel-de-los-jovenes-en-el-pirineo-centrara-las-jornadas-para-la-excelencia-de-este-ano\/","title":{"rendered":"El papel de los j\u00f3venes en el Pirineo centrar\u00e1 las Jornadas para la excelencia de este a\u00f1o"},"content":{"rendered":"<p><strong>\u201cJuventud en el Pirineo. Proyecto vital y profesional\u201d es el lema de la nueva edici\u00f3n que se celebrar\u00e1 el 4 y 5 de octubre en Esterri d&#8217;\u00c0neu.<\/strong><\/p>\n<p><strong>El objetivo de la organizaci\u00f3n es ofrecer espacios de reflexi\u00f3n y debate, pero fomentando la implicaci\u00f3n y participaci\u00f3n de los chicos y chicas del Pirineo.<\/strong><\/p>\n<p>El t\u00edtulo de las Jornadas para la excelencia de este a\u00f1o es \u201cJuventud en el Pirineo. Proyecto vital y profesional\u201d. El lema definido por la <a href=\"https:\/\/www.jornadesperalexcellencia.cat\/es\/que-nos-motiva-las-jornadas\/\" target=\"_blank\" rel=\"noopener\">organizaci\u00f3n<\/a> describe claramente que el objetivo de esta und\u00e9cima edici\u00f3n ser\u00e1 reflexionar y debatir sobre los problemas, inquietudes, retos y propuestas de futuro de los j\u00f3venes en el Pirineo.<\/p>\n<p>Adem\u00e1s, la voluntad es fomentar la implicaci\u00f3n y participaci\u00f3n directa de las chicas y chicos en la preparaci\u00f3n y desarrollo y en esta l\u00ednea ya se trabaja para incorporar entidades, colectivos y profesionales expertos en el \u00e1mbito de las pol\u00edticas juveniles y a los propios protagonistas de las pr\u00f3ximas Jornadas para la excelencia.<\/p>\n<p>Estas se celebrar\u00e1n en Esterri d&#8217;\u00c0neu los d\u00edas 4 y 5 de octubre y, como en los \u00faltimos a\u00f1os, se prev\u00e9 una jornada en <a href=\"https:\/\/www.joventut.ad\/\" target=\"_blank\" rel=\"noopener\">Andorra<\/a>, consolidando la colaboraci\u00f3n del gobierno de este pa\u00eds pirenaico. Como novedad, se trabaja con el <a href=\"https:\/\/www.conselharan.org\/\" target=\"_blank\" rel=\"noopener\">Conselh Gener\u00e1is<\/a> para celebrar tambi\u00e9n en la Val d&#8217;Ar\u00e1n un acto vinculado a las Jornadas para la excelencia.<br \/>\n\n\t\t<style type=\"text\/css\">\n\t\t\t#gallery-1 {\n\t\t\t\tmargin: auto;\n\t\t\t}\n\t\t\t#gallery-1 .gallery-item {\n\t\t\t\tfloat: left;\n\t\t\t\tmargin-top: 10px;\n\t\t\t\ttext-align: center;\n\t\t\t\twidth: 20%;\n\t\t\t}\n\t\t\t#gallery-1 img {\n\t\t\t\tborder: 2px solid #cfcfcf;\n\t\t\t}\n\t\t\t#gallery-1 .gallery-caption {\n\t\t\t\tmargin-left: 0;\n\t\t\t}\n\t\t\t\/* see gallery_shortcode() in wp-includes\/media.php *\/\n\t\t<\/style>\n\t\t<div id='gallery-1' class='gallery galleryid-10093 gallery-columns-5 gallery-size-large'><dl class='gallery-item'>\n\t\t\t<dt class='gallery-icon landscape'>\n\t\t\t\t<a href='https:\/\/www.jornadesperalexcellencia.cat\/es\/edicio-2023\/2023-jornades-excellencia-esterri-futur-pirineu-48\/'><img loading=\"lazy\" decoding=\"async\" width=\"899\" height=\"600\" src=\"https:\/\/www.jornadesperalexcellencia.cat\/wp-content\/uploads\/2023\/10\/2023-jornades-excellencia-esterri-futur-pirineu-48.jpg\" class=\"attachment-large size-large\" alt=\"\" srcset=\"https:\/\/www.jornadesperalexcellencia.cat\/wp-content\/uploads\/2023\/10\/2023-jornades-excellencia-esterri-futur-pirineu-48.jpg 899w, https:\/\/www.jornadesperalexcellencia.cat\/wp-content\/uploads\/2023\/10\/2023-jornades-excellencia-esterri-futur-pirineu-48-300x200.jpg 300w, https:\/\/www.jornadesperalexcellencia.cat\/wp-content\/uploads\/2023\/10\/2023-jornades-excellencia-esterri-futur-pirineu-48-768x513.jpg 768w, https:\/\/www.jornadesperalexcellencia.cat\/wp-content\/uploads\/2023\/10\/2023-jornades-excellencia-esterri-futur-pirineu-48-600x400.jpg 600w\" sizes=\"auto, (max-width: 899px) 100vw, 899px\" \/><\/a>\n\t\t\t<\/dt><\/dl><dl class='gallery-item'>\n\t\t\t<dt class='gallery-icon landscape'>\n\t\t\t\t<a href='https:\/\/www.jornadesperalexcellencia.cat\/es\/edicio-2023\/2023-jornades-excellencia-esterri-futur-pirineu-31\/'><img loading=\"lazy\" decoding=\"async\" width=\"899\" height=\"600\" src=\"https:\/\/www.jornadesperalexcellencia.cat\/wp-content\/uploads\/2023\/10\/2023-jornades-excellencia-esterri-futur-pirineu-31.jpg\" class=\"attachment-large size-large\" alt=\"\" srcset=\"https:\/\/www.jornadesperalexcellencia.cat\/wp-content\/uploads\/2023\/10\/2023-jornades-excellencia-esterri-futur-pirineu-31.jpg 899w, https:\/\/www.jornadesperalexcellencia.cat\/wp-content\/uploads\/2023\/10\/2023-jornades-excellencia-esterri-futur-pirineu-31-300x200.jpg 300w, https:\/\/www.jornadesperalexcellencia.cat\/wp-content\/uploads\/2023\/10\/2023-jornades-excellencia-esterri-futur-pirineu-31-768x513.jpg 768w, https:\/\/www.jornadesperalexcellencia.cat\/wp-content\/uploads\/2023\/10\/2023-jornades-excellencia-esterri-futur-pirineu-31-600x400.jpg 600w\" sizes=\"auto, (max-width: 899px) 100vw, 899px\" \/><\/a>\n\t\t\t<\/dt><\/dl><dl class='gallery-item'>\n\t\t\t<dt class='gallery-icon landscape'>\n\t\t\t\t<a href='https:\/\/www.jornadesperalexcellencia.cat\/es\/les-administracions-apellen-a-la-unitat-per-afrontar-els-reptes-de-futur-del-pirineu\/2023-jornades-excellencia-10\/'><img loading=\"lazy\" decoding=\"async\" width=\"900\" height=\"600\" src=\"https:\/\/www.jornadesperalexcellencia.cat\/wp-content\/uploads\/2023\/10\/2023-Jornades-excellencia-10.jpg\" class=\"attachment-large size-large\" alt=\"\" srcset=\"https:\/\/www.jornadesperalexcellencia.cat\/wp-content\/uploads\/2023\/10\/2023-Jornades-excellencia-10.jpg 900w, https:\/\/www.jornadesperalexcellencia.cat\/wp-content\/uploads\/2023\/10\/2023-Jornades-excellencia-10-300x200.jpg 300w, https:\/\/www.jornadesperalexcellencia.cat\/wp-content\/uploads\/2023\/10\/2023-Jornades-excellencia-10-768x512.jpg 768w, https:\/\/www.jornadesperalexcellencia.cat\/wp-content\/uploads\/2023\/10\/2023-Jornades-excellencia-10-600x400.jpg 600w\" sizes=\"auto, (max-width: 900px) 100vw, 900px\" \/><\/a>\n\t\t\t<\/dt><\/dl><dl class='gallery-item'>\n\t\t\t<dt class='gallery-icon landscape'>\n\t\t\t\t<a href='https:\/\/www.jornadesperalexcellencia.cat\/es\/edicio-2023\/2023-jornades-excellencia-esterri-futur-pirineu-33\/'><img loading=\"lazy\" decoding=\"async\" width=\"899\" height=\"600\" src=\"https:\/\/www.jornadesperalexcellencia.cat\/wp-content\/uploads\/2023\/10\/2023-jornades-excellencia-esterri-futur-pirineu-33.jpg\" class=\"attachment-large size-large\" alt=\"\" srcset=\"https:\/\/www.jornadesperalexcellencia.cat\/wp-content\/uploads\/2023\/10\/2023-jornades-excellencia-esterri-futur-pirineu-33.jpg 899w, https:\/\/www.jornadesperalexcellencia.cat\/wp-content\/uploads\/2023\/10\/2023-jornades-excellencia-esterri-futur-pirineu-33-300x200.jpg 300w, https:\/\/www.jornadesperalexcellencia.cat\/wp-content\/uploads\/2023\/10\/2023-jornades-excellencia-esterri-futur-pirineu-33-768x513.jpg 768w, https:\/\/www.jornadesperalexcellencia.cat\/wp-content\/uploads\/2023\/10\/2023-jornades-excellencia-esterri-futur-pirineu-33-600x400.jpg 600w\" sizes=\"auto, (max-width: 899px) 100vw, 899px\" \/><\/a>\n\t\t\t<\/dt><\/dl><dl class='gallery-item'>\n\t\t\t<dt class='gallery-icon landscape'>\n\t\t\t\t<a href='https:\/\/www.jornadesperalexcellencia.cat\/es\/edicio-2023\/2023-jornades-excellencia-esterri-futur-pirineu-18\/'><img loading=\"lazy\" decoding=\"async\" width=\"899\" height=\"600\" src=\"https:\/\/www.jornadesperalexcellencia.cat\/wp-content\/uploads\/2023\/10\/2023-jornades-excellencia-esterri-futur-pirineu-18.jpg\" class=\"attachment-large size-large\" alt=\"\" srcset=\"https:\/\/www.jornadesperalexcellencia.cat\/wp-content\/uploads\/2023\/10\/2023-jornades-excellencia-esterri-futur-pirineu-18.jpg 899w, https:\/\/www.jornadesperalexcellencia.cat\/wp-content\/uploads\/2023\/10\/2023-jornades-excellencia-esterri-futur-pirineu-18-300x200.jpg 300w, https:\/\/www.jornadesperalexcellencia.cat\/wp-content\/uploads\/2023\/10\/2023-jornades-excellencia-esterri-futur-pirineu-18-768x513.jpg 768w, https:\/\/www.jornadesperalexcellencia.cat\/wp-content\/uploads\/2023\/10\/2023-jornades-excellencia-esterri-futur-pirineu-18-600x400.jpg 600w\" sizes=\"auto, (max-width: 899px) 100vw, 899px\" \/><\/a>\n\t\t\t<\/dt><\/dl><br style=\"clear: both\" \/><dl class='gallery-item'>\n\t\t\t<dt class='gallery-icon landscape'>\n\t\t\t\t<a href='https:\/\/www.jornadesperalexcellencia.cat\/es\/edicio-2023\/2023-jornades-excellencia-esterri-futur-pirineu-34\/'><img loading=\"lazy\" decoding=\"async\" width=\"899\" height=\"600\" src=\"https:\/\/www.jornadesperalexcellencia.cat\/wp-content\/uploads\/2023\/10\/2023-jornades-excellencia-esterri-futur-pirineu-34.jpg\" class=\"attachment-large size-large\" alt=\"\" srcset=\"https:\/\/www.jornadesperalexcellencia.cat\/wp-content\/uploads\/2023\/10\/2023-jornades-excellencia-esterri-futur-pirineu-34.jpg 899w, https:\/\/www.jornadesperalexcellencia.cat\/wp-content\/uploads\/2023\/10\/2023-jornades-excellencia-esterri-futur-pirineu-34-300x200.jpg 300w, https:\/\/www.jornadesperalexcellencia.cat\/wp-content\/uploads\/2023\/10\/2023-jornades-excellencia-esterri-futur-pirineu-34-768x513.jpg 768w, https:\/\/www.jornadesperalexcellencia.cat\/wp-content\/uploads\/2023\/10\/2023-jornades-excellencia-esterri-futur-pirineu-34-600x400.jpg 600w\" sizes=\"auto, (max-width: 899px) 100vw, 899px\" \/><\/a>\n\t\t\t<\/dt><\/dl><dl class='gallery-item'>\n\t\t\t<dt class='gallery-icon landscape'>\n\t\t\t\t<a href='https:\/\/www.jornadesperalexcellencia.cat\/es\/edicio-2023\/2023-jornades-excellencia-esterri-futur-pirineu-35\/'><img loading=\"lazy\" decoding=\"async\" width=\"899\" height=\"600\" src=\"https:\/\/www.jornadesperalexcellencia.cat\/wp-content\/uploads\/2023\/10\/2023-jornades-excellencia-esterri-futur-pirineu-35.jpg\" class=\"attachment-large size-large\" alt=\"\" srcset=\"https:\/\/www.jornadesperalexcellencia.cat\/wp-content\/uploads\/2023\/10\/2023-jornades-excellencia-esterri-futur-pirineu-35.jpg 899w, https:\/\/www.jornadesperalexcellencia.cat\/wp-content\/uploads\/2023\/10\/2023-jornades-excellencia-esterri-futur-pirineu-35-300x200.jpg 300w, https:\/\/www.jornadesperalexcellencia.cat\/wp-content\/uploads\/2023\/10\/2023-jornades-excellencia-esterri-futur-pirineu-35-768x513.jpg 768w, https:\/\/www.jornadesperalexcellencia.cat\/wp-content\/uploads\/2023\/10\/2023-jornades-excellencia-esterri-futur-pirineu-35-600x400.jpg 600w\" sizes=\"auto, (max-width: 899px) 100vw, 899px\" \/><\/a>\n\t\t\t<\/dt><\/dl><dl class='gallery-item'>\n\t\t\t<dt class='gallery-icon landscape'>\n\t\t\t\t<a href='https:\/\/www.jornadesperalexcellencia.cat\/es\/edicio-2023\/2023-jornades-excellencia-esterri-futur-pirineu-36\/'><img loading=\"lazy\" decoding=\"async\" width=\"899\" height=\"600\" src=\"https:\/\/www.jornadesperalexcellencia.cat\/wp-content\/uploads\/2023\/10\/2023-jornades-excellencia-esterri-futur-pirineu-36.jpg\" class=\"attachment-large size-large\" alt=\"\" srcset=\"https:\/\/www.jornadesperalexcellencia.cat\/wp-content\/uploads\/2023\/10\/2023-jornades-excellencia-esterri-futur-pirineu-36.jpg 899w, https:\/\/www.jornadesperalexcellencia.cat\/wp-content\/uploads\/2023\/10\/2023-jornades-excellencia-esterri-futur-pirineu-36-300x200.jpg 300w, https:\/\/www.jornadesperalexcellencia.cat\/wp-content\/uploads\/2023\/10\/2023-jornades-excellencia-esterri-futur-pirineu-36-768x513.jpg 768w, https:\/\/www.jornadesperalexcellencia.cat\/wp-content\/uploads\/2023\/10\/2023-jornades-excellencia-esterri-futur-pirineu-36-600x400.jpg 600w\" sizes=\"auto, (max-width: 899px) 100vw, 899px\" \/><\/a>\n\t\t\t<\/dt><\/dl><dl class='gallery-item'>\n\t\t\t<dt class='gallery-icon landscape'>\n\t\t\t\t<a href='https:\/\/www.jornadesperalexcellencia.cat\/es\/edicio-2023\/2023-jornades-excellencia-esterri-futur-pirineu-14\/'><img loading=\"lazy\" decoding=\"async\" width=\"899\" height=\"600\" src=\"https:\/\/www.jornadesperalexcellencia.cat\/wp-content\/uploads\/2023\/10\/2023-jornades-excellencia-esterri-futur-pirineu-14.jpg\" class=\"attachment-large size-large\" alt=\"\" srcset=\"https:\/\/www.jornadesperalexcellencia.cat\/wp-content\/uploads\/2023\/10\/2023-jornades-excellencia-esterri-futur-pirineu-14.jpg 899w, https:\/\/www.jornadesperalexcellencia.cat\/wp-content\/uploads\/2023\/10\/2023-jornades-excellencia-esterri-futur-pirineu-14-300x200.jpg 300w, https:\/\/www.jornadesperalexcellencia.cat\/wp-content\/uploads\/2023\/10\/2023-jornades-excellencia-esterri-futur-pirineu-14-768x513.jpg 768w, https:\/\/www.jornadesperalexcellencia.cat\/wp-content\/uploads\/2023\/10\/2023-jornades-excellencia-esterri-futur-pirineu-14-600x400.jpg 600w\" sizes=\"auto, (max-width: 899px) 100vw, 899px\" \/><\/a>\n\t\t\t<\/dt><\/dl><dl class='gallery-item'>\n\t\t\t<dt class='gallery-icon landscape'>\n\t\t\t\t<a href='https:\/\/www.jornadesperalexcellencia.cat\/es\/edicio-2023\/2023-jornades-excellencia-esterri-futur-pirineu-56\/'><img loading=\"lazy\" decoding=\"async\" width=\"899\" height=\"600\" src=\"https:\/\/www.jornadesperalexcellencia.cat\/wp-content\/uploads\/2023\/10\/2023-jornades-excellencia-esterri-futur-pirineu-56.jpg\" class=\"attachment-large size-large\" alt=\"\" srcset=\"https:\/\/www.jornadesperalexcellencia.cat\/wp-content\/uploads\/2023\/10\/2023-jornades-excellencia-esterri-futur-pirineu-56.jpg 899w, https:\/\/www.jornadesperalexcellencia.cat\/wp-content\/uploads\/2023\/10\/2023-jornades-excellencia-esterri-futur-pirineu-56-300x200.jpg 300w, https:\/\/www.jornadesperalexcellencia.cat\/wp-content\/uploads\/2023\/10\/2023-jornades-excellencia-esterri-futur-pirineu-56-768x513.jpg 768w, https:\/\/www.jornadesperalexcellencia.cat\/wp-content\/uploads\/2023\/10\/2023-jornades-excellencia-esterri-futur-pirineu-56-600x400.jpg 600w\" sizes=\"auto, (max-width: 899px) 100vw, 899px\" \/><\/a>\n\t\t\t<\/dt><\/dl><br style=\"clear: both\" \/>\n\t\t<\/div>\n<p>&nbsp;<\/p>\n<p>\ud83d\udc49 <a href=\"https:\/\/www.jornadesperalexcellencia.cat\/es\/ediciones\/\">Conoce las anteriores ediciones<\/a><\/p>\n<p>\ud83d\udc49 Y sigenos en:<\/p>\n<p><a href=\"https:\/\/www.instagram.com\/jornadesperalexcellencia\/\" target=\"_blank\" rel=\"noopener\"><i class=\"fa fa-instagram\" aria-hidden=\"true\"><\/i> @jornadesperalexcellencia<\/a><\/p>\n<p><a href=\"https:\/\/www.linkedin.com\/company\/jornades-per-a-excellencia\/\" target=\"_blank\" rel=\"noopener\"><i class=\"fa fa-linkedin\" aria-hidden=\"true\"><\/i> @jornades-per-a-excellencia<\/a><\/p>\n<p><a href=\"https:\/\/www.facebook.com\/jornadesperalexcellencia\" target=\"_blank\" rel=\"noopener\"><i class=\"fa fa-facebook\" aria-hidden=\"true\"><\/i> @jornadesperalexcellencia<\/a><\/p>","protected":false},"excerpt":{"rendered":"<p>\u201cJuventud en el Pirineo. Proyecto vital y profesional\u201d es el lema de la nueva edici\u00f3n que se celebrar\u00e1 el 4 y 5 de octubre en Esterri d&#8217;\u00c0neu. El objetivo de la organizaci\u00f3n es ofrecer espacios de reflexi\u00f3n y debate, pero fomentando la implicaci\u00f3n y participaci\u00f3n de los chicos y chicas del Pirineo. El t\u00edtulo de las Jornadas para la excelencia de este a\u00f1o es \u201cJuventud en el Pirineo. Proyecto vital y profesional\u201d. El lema definido por la organizaci\u00f3n describe claramente [&hellip;]<\/p>\n","protected":false},"author":1,"featured_media":10090,"comment_status":"closed","ping_status":"closed","sticky":false,"template":"","format":"standard","meta":{"footnotes":""},"categories":[326],"tags":[],"class_list":["post-10093","post","type-post","status-publish","format-standard","has-post-thumbnail","hentry","category-general-es"],"yoast_head":"<!-- This site is optimized with the Yoast SEO plugin v27.5 - https:\/\/yoast.com\/product\/yoast-seo-wordpress\/ -->\n<title>El papel de los j\u00f3venes en el Pirineo centrar\u00e1 las Jornadas para la excelencia de este a\u00f1o - Jornades per a l&#039;excel\u00b7l\u00e8ncia<\/title>\n<meta name=\"description\" content=\"El t\u00edtulo de las Jornadas para la excelencia de este a\u00f1o es \u201cJuventud en el Pirineo. Proyecto vital y profesional\u201d. El lema definido por la organizaci\u00f3n describe claramente que el objetivo de esta und\u00e9cima edici\u00f3n ser\u00e1 reflexionar y debatir sobre los problemas, inquietudes, retos y propuestas de futuro de los j\u00f3venes en el Pirineo.\" \/>\n<meta name=\"robots\" content=\"index, follow, max-snippet:-1, max-image-preview:large, max-video-preview:-1\" \/>\n<link rel=\"canonical\" href=\"https:\/\/www.jornadesperalexcellencia.cat\/es\/el-papel-de-los-jovenes-en-el-pirineo-centrara-las-jornadas-para-la-excelencia-de-este-ano\/\" \/>\n<meta property=\"og:locale\" content=\"es_ES\" \/>\n<meta property=\"og:type\" content=\"article\" \/>\n<meta property=\"og:title\" content=\"El papel de los j\u00f3venes en el Pirineo centrar\u00e1 las Jornadas para la excelencia de este a\u00f1o - Jornades per a l&#039;excel\u00b7l\u00e8ncia\" \/>\n<meta property=\"og:description\" content=\"El t\u00edtulo de las Jornadas para la excelencia de este a\u00f1o es \u201cJuventud en el Pirineo. Proyecto vital y profesional\u201d. El lema definido por la organizaci\u00f3n describe claramente que el objetivo de esta und\u00e9cima edici\u00f3n ser\u00e1 reflexionar y debatir sobre los problemas, inquietudes, retos y propuestas de futuro de los j\u00f3venes en el Pirineo.\" \/>\n<meta property=\"og:url\" content=\"https:\/\/www.jornadesperalexcellencia.cat\/es\/el-papel-de-los-jovenes-en-el-pirineo-centrara-las-jornadas-para-la-excelencia-de-este-ano\/\" \/>\n<meta property=\"og:site_name\" content=\"Jornades per a l&#039;excel\u00b7l\u00e8ncia\" \/>\n<meta property=\"article:published_time\" content=\"2024-04-30T18:45:52+00:00\" \/>\n<meta property=\"article:modified_time\" content=\"2024-05-01T18:47:27+00:00\" \/>\n<meta property=\"og:image\" content=\"https:\/\/www.jornadesperalexcellencia.cat\/wp-content\/uploads\/2024\/05\/joventut-pirineu-actiu-jornades-excellencia-2024.png\" \/>\n\t<meta property=\"og:image:width\" content=\"900\" \/>\n\t<meta property=\"og:image:height\" content=\"600\" \/>\n\t<meta property=\"og:image:type\" content=\"image\/png\" \/>\n<meta name=\"author\" content=\"PCadmin-jx\" \/>\n<meta name=\"twitter:card\" content=\"summary_large_image\" \/>\n<meta name=\"twitter:label1\" content=\"Escrito por\" \/>\n\t<meta name=\"twitter:data1\" content=\"PCadmin-jx\" \/>\n\t<meta name=\"twitter:label2\" content=\"Tiempo de lectura\" \/>\n\t<meta name=\"twitter:data2\" content=\"1 minuto\" \/>\n<script type=\"application\/ld+json\" class=\"yoast-schema-graph\">{\"@context\":\"https:\\\/\\\/schema.org\",\"@graph\":[{\"@type\":\"Article\",\"@id\":\"https:\\\/\\\/www.jornadesperalexcellencia.cat\\\/es\\\/el-papel-de-los-jovenes-en-el-pirineo-centrara-las-jornadas-para-la-excelencia-de-este-ano\\\/#article\",\"isPartOf\":{\"@id\":\"https:\\\/\\\/www.jornadesperalexcellencia.cat\\\/es\\\/el-papel-de-los-jovenes-en-el-pirineo-centrara-las-jornadas-para-la-excelencia-de-este-ano\\\/\"},\"author\":{\"name\":\"PCadmin-jx\",\"@id\":\"https:\\\/\\\/www.jornadesperalexcellencia.cat\\\/es\\\/#\\\/schema\\\/person\\\/647af0bd5b91e43a5f04ee7b596bf2ca\"},\"headline\":\"El papel de los j\u00f3venes en el Pirineo centrar\u00e1 las Jornadas para la excelencia de este a\u00f1o\",\"datePublished\":\"2024-04-30T18:45:52+00:00\",\"dateModified\":\"2024-05-01T18:47:27+00:00\",\"mainEntityOfPage\":{\"@id\":\"https:\\\/\\\/www.jornadesperalexcellencia.cat\\\/es\\\/el-papel-de-los-jovenes-en-el-pirineo-centrara-las-jornadas-para-la-excelencia-de-este-ano\\\/\"},\"wordCount\":276,\"image\":{\"@id\":\"https:\\\/\\\/www.jornadesperalexcellencia.cat\\\/es\\\/el-papel-de-los-jovenes-en-el-pirineo-centrara-las-jornadas-para-la-excelencia-de-este-ano\\\/#primaryimage\"},\"thumbnailUrl\":\"https:\\\/\\\/www.jornadesperalexcellencia.cat\\\/wp-content\\\/uploads\\\/2024\\\/05\\\/joventut-pirineu-actiu-jornades-excellencia-2024.png\",\"articleSection\":[\"General\"],\"inLanguage\":\"es\"},{\"@type\":\"WebPage\",\"@id\":\"https:\\\/\\\/www.jornadesperalexcellencia.cat\\\/es\\\/el-papel-de-los-jovenes-en-el-pirineo-centrara-las-jornadas-para-la-excelencia-de-este-ano\\\/\",\"url\":\"https:\\\/\\\/www.jornadesperalexcellencia.cat\\\/es\\\/el-papel-de-los-jovenes-en-el-pirineo-centrara-las-jornadas-para-la-excelencia-de-este-ano\\\/\",\"name\":\"El papel de los j\u00f3venes en el Pirineo centrar\u00e1 las Jornadas para la excelencia de este a\u00f1o - Jornades per a l&#039;excel\u00b7l\u00e8ncia\",\"isPartOf\":{\"@id\":\"https:\\\/\\\/www.jornadesperalexcellencia.cat\\\/es\\\/#website\"},\"primaryImageOfPage\":{\"@id\":\"https:\\\/\\\/www.jornadesperalexcellencia.cat\\\/es\\\/el-papel-de-los-jovenes-en-el-pirineo-centrara-las-jornadas-para-la-excelencia-de-este-ano\\\/#primaryimage\"},\"image\":{\"@id\":\"https:\\\/\\\/www.jornadesperalexcellencia.cat\\\/es\\\/el-papel-de-los-jovenes-en-el-pirineo-centrara-las-jornadas-para-la-excelencia-de-este-ano\\\/#primaryimage\"},\"thumbnailUrl\":\"https:\\\/\\\/www.jornadesperalexcellencia.cat\\\/wp-content\\\/uploads\\\/2024\\\/05\\\/joventut-pirineu-actiu-jornades-excellencia-2024.png\",\"datePublished\":\"2024-04-30T18:45:52+00:00\",\"dateModified\":\"2024-05-01T18:47:27+00:00\",\"author\":{\"@id\":\"https:\\\/\\\/www.jornadesperalexcellencia.cat\\\/es\\\/#\\\/schema\\\/person\\\/647af0bd5b91e43a5f04ee7b596bf2ca\"},\"description\":\"El t\u00edtulo de las Jornadas para la excelencia de este a\u00f1o es \u201cJuventud en el Pirineo. Proyecto vital y profesional\u201d. El lema definido por la organizaci\u00f3n describe claramente que el objetivo de esta und\u00e9cima edici\u00f3n ser\u00e1 reflexionar y debatir sobre los problemas, inquietudes, retos y propuestas de futuro de los j\u00f3venes en el Pirineo.\",\"breadcrumb\":{\"@id\":\"https:\\\/\\\/www.jornadesperalexcellencia.cat\\\/es\\\/el-papel-de-los-jovenes-en-el-pirineo-centrara-las-jornadas-para-la-excelencia-de-este-ano\\\/#breadcrumb\"},\"inLanguage\":\"es\",\"potentialAction\":[{\"@type\":\"ReadAction\",\"target\":[\"https:\\\/\\\/www.jornadesperalexcellencia.cat\\\/es\\\/el-papel-de-los-jovenes-en-el-pirineo-centrara-las-jornadas-para-la-excelencia-de-este-ano\\\/\"]}]},{\"@type\":\"ImageObject\",\"inLanguage\":\"es\",\"@id\":\"https:\\\/\\\/www.jornadesperalexcellencia.cat\\\/es\\\/el-papel-de-los-jovenes-en-el-pirineo-centrara-las-jornadas-para-la-excelencia-de-este-ano\\\/#primaryimage\",\"url\":\"https:\\\/\\\/www.jornadesperalexcellencia.cat\\\/wp-content\\\/uploads\\\/2024\\\/05\\\/joventut-pirineu-actiu-jornades-excellencia-2024.png\",\"contentUrl\":\"https:\\\/\\\/www.jornadesperalexcellencia.cat\\\/wp-content\\\/uploads\\\/2024\\\/05\\\/joventut-pirineu-actiu-jornades-excellencia-2024.png\",\"width\":900,\"height\":600},{\"@type\":\"BreadcrumbList\",\"@id\":\"https:\\\/\\\/www.jornadesperalexcellencia.cat\\\/es\\\/el-papel-de-los-jovenes-en-el-pirineo-centrara-las-jornadas-para-la-excelencia-de-este-ano\\\/#breadcrumb\",\"itemListElement\":[{\"@type\":\"ListItem\",\"position\":1,\"name\":\"Inici\",\"item\":\"https:\\\/\\\/www.jornadesperalexcellencia.cat\\\/es\\\/inicio\\\/\"},{\"@type\":\"ListItem\",\"position\":2,\"name\":\"El papel de los j\u00f3venes en el Pirineo centrar\u00e1 las Jornadas para la excelencia de este a\u00f1o\"}]},{\"@type\":\"WebSite\",\"@id\":\"https:\\\/\\\/www.jornadesperalexcellencia.cat\\\/es\\\/#website\",\"url\":\"https:\\\/\\\/www.jornadesperalexcellencia.cat\\\/es\\\/\",\"name\":\"Jornades per a l&#039;excel\u00b7l\u00e8ncia\",\"description\":\"Confer\u00e8ncies anuals per al progr\u00e9s i desenvolupament dels territoris del Pirineu. Esterri d&#039;\u00c0neu i Andorra.\",\"alternateName\":\"Jornades per a l'excel\u00b7l\u00e8ncia\",\"potentialAction\":[{\"@type\":\"SearchAction\",\"target\":{\"@type\":\"EntryPoint\",\"urlTemplate\":\"https:\\\/\\\/www.jornadesperalexcellencia.cat\\\/es\\\/?s={search_term_string}\"},\"query-input\":{\"@type\":\"PropertyValueSpecification\",\"valueRequired\":true,\"valueName\":\"search_term_string\"}}],\"inLanguage\":\"es\"},{\"@type\":\"Person\",\"@id\":\"https:\\\/\\\/www.jornadesperalexcellencia.cat\\\/es\\\/#\\\/schema\\\/person\\\/647af0bd5b91e43a5f04ee7b596bf2ca\",\"name\":\"PCadmin-jx\",\"sameAs\":[\"https:\\\/\\\/www.jornadesperalexcellencia.cat\"],\"url\":\"https:\\\/\\\/www.jornadesperalexcellencia.cat\\\/es\\\/author\\\/pcadmin-jx\\\/\"}]}<\/script>\n<!-- \/ Yoast SEO plugin. -->","yoast_head_json":{"title":"El papel de los j\u00f3venes en el Pirineo centrar\u00e1 las Jornadas para la excelencia de este a\u00f1o - Jornades per a l&#039;excel\u00b7l\u00e8ncia","description":"El t\u00edtulo de las Jornadas para la excelencia de este a\u00f1o es \u201cJuventud en el Pirineo. Proyecto vital y profesional\u201d. El lema definido por la organizaci\u00f3n describe claramente que el objetivo de esta und\u00e9cima edici\u00f3n ser\u00e1 reflexionar y debatir sobre los problemas, inquietudes, retos y propuestas de futuro de los j\u00f3venes en el Pirineo.","robots":{"index":"index","follow":"follow","max-snippet":"max-snippet:-1","max-image-preview":"max-image-preview:large","max-video-preview":"max-video-preview:-1"},"canonical":"https:\/\/www.jornadesperalexcellencia.cat\/es\/el-papel-de-los-jovenes-en-el-pirineo-centrara-las-jornadas-para-la-excelencia-de-este-ano\/","og_locale":"es_ES","og_type":"article","og_title":"El papel de los j\u00f3venes en el Pirineo centrar\u00e1 las Jornadas para la excelencia de este a\u00f1o - Jornades per a l&#039;excel\u00b7l\u00e8ncia","og_description":"El t\u00edtulo de las Jornadas para la excelencia de este a\u00f1o es \u201cJuventud en el Pirineo. Proyecto vital y profesional\u201d. El lema definido por la organizaci\u00f3n describe claramente que el objetivo de esta und\u00e9cima edici\u00f3n ser\u00e1 reflexionar y debatir sobre los problemas, inquietudes, retos y propuestas de futuro de los j\u00f3venes en el Pirineo.","og_url":"https:\/\/www.jornadesperalexcellencia.cat\/es\/el-papel-de-los-jovenes-en-el-pirineo-centrara-las-jornadas-para-la-excelencia-de-este-ano\/","og_site_name":"Jornades per a l&#039;excel\u00b7l\u00e8ncia","article_published_time":"2024-04-30T18:45:52+00:00","article_modified_time":"2024-05-01T18:47:27+00:00","og_image":[{"width":900,"height":600,"url":"https:\/\/www.jornadesperalexcellencia.cat\/wp-content\/uploads\/2024\/05\/joventut-pirineu-actiu-jornades-excellencia-2024.png","type":"image\/png"}],"author":"PCadmin-jx","twitter_card":"summary_large_image","twitter_misc":{"Escrito por":"PCadmin-jx","Tiempo de lectura":"1 minuto"},"schema":{"@context":"https:\/\/schema.org","@graph":[{"@type":"Article","@id":"https:\/\/www.jornadesperalexcellencia.cat\/es\/el-papel-de-los-jovenes-en-el-pirineo-centrara-las-jornadas-para-la-excelencia-de-este-ano\/#article","isPartOf":{"@id":"https:\/\/www.jornadesperalexcellencia.cat\/es\/el-papel-de-los-jovenes-en-el-pirineo-centrara-las-jornadas-para-la-excelencia-de-este-ano\/"},"author":{"name":"PCadmin-jx","@id":"https:\/\/www.jornadesperalexcellencia.cat\/es\/#\/schema\/person\/647af0bd5b91e43a5f04ee7b596bf2ca"},"headline":"El papel de los j\u00f3venes en el Pirineo centrar\u00e1 las Jornadas para la excelencia de este a\u00f1o","datePublished":"2024-04-30T18:45:52+00:00","dateModified":"2024-05-01T18:47:27+00:00","mainEntityOfPage":{"@id":"https:\/\/www.jornadesperalexcellencia.cat\/es\/el-papel-de-los-jovenes-en-el-pirineo-centrara-las-jornadas-para-la-excelencia-de-este-ano\/"},"wordCount":276,"image":{"@id":"https:\/\/www.jornadesperalexcellencia.cat\/es\/el-papel-de-los-jovenes-en-el-pirineo-centrara-las-jornadas-para-la-excelencia-de-este-ano\/#primaryimage"},"thumbnailUrl":"https:\/\/www.jornadesperalexcellencia.cat\/wp-content\/uploads\/2024\/05\/joventut-pirineu-actiu-jornades-excellencia-2024.png","articleSection":["General"],"inLanguage":"es"},{"@type":"WebPage","@id":"https:\/\/www.jornadesperalexcellencia.cat\/es\/el-papel-de-los-jovenes-en-el-pirineo-centrara-las-jornadas-para-la-excelencia-de-este-ano\/","url":"https:\/\/www.jornadesperalexcellencia.cat\/es\/el-papel-de-los-jovenes-en-el-pirineo-centrara-las-jornadas-para-la-excelencia-de-este-ano\/","name":"El papel de los j\u00f3venes en el Pirineo centrar\u00e1 las Jornadas para la excelencia de este a\u00f1o - Jornades per a l&#039;excel\u00b7l\u00e8ncia","isPartOf":{"@id":"https:\/\/www.jornadesperalexcellencia.cat\/es\/#website"},"primaryImageOfPage":{"@id":"https:\/\/www.jornadesperalexcellencia.cat\/es\/el-papel-de-los-jovenes-en-el-pirineo-centrara-las-jornadas-para-la-excelencia-de-este-ano\/#primaryimage"},"image":{"@id":"https:\/\/www.jornadesperalexcellencia.cat\/es\/el-papel-de-los-jovenes-en-el-pirineo-centrara-las-jornadas-para-la-excelencia-de-este-ano\/#primaryimage"},"thumbnailUrl":"https:\/\/www.jornadesperalexcellencia.cat\/wp-content\/uploads\/2024\/05\/joventut-pirineu-actiu-jornades-excellencia-2024.png","datePublished":"2024-04-30T18:45:52+00:00","dateModified":"2024-05-01T18:47:27+00:00","author":{"@id":"https:\/\/www.jornadesperalexcellencia.cat\/es\/#\/schema\/person\/647af0bd5b91e43a5f04ee7b596bf2ca"},"description":"El t\u00edtulo de las Jornadas para la excelencia de este a\u00f1o es \u201cJuventud en el Pirineo. Proyecto vital y profesional\u201d. El lema definido por la organizaci\u00f3n describe claramente que el objetivo de esta und\u00e9cima edici\u00f3n ser\u00e1 reflexionar y debatir sobre los problemas, inquietudes, retos y propuestas de futuro de los j\u00f3venes en el Pirineo.","breadcrumb":{"@id":"https:\/\/www.jornadesperalexcellencia.cat\/es\/el-papel-de-los-jovenes-en-el-pirineo-centrara-las-jornadas-para-la-excelencia-de-este-ano\/#breadcrumb"},"inLanguage":"es","potentialAction":[{"@type":"ReadAction","target":["https:\/\/www.jornadesperalexcellencia.cat\/es\/el-papel-de-los-jovenes-en-el-pirineo-centrara-las-jornadas-para-la-excelencia-de-este-ano\/"]}]},{"@type":"ImageObject","inLanguage":"es","@id":"https:\/\/www.jornadesperalexcellencia.cat\/es\/el-papel-de-los-jovenes-en-el-pirineo-centrara-las-jornadas-para-la-excelencia-de-este-ano\/#primaryimage","url":"https:\/\/www.jornadesperalexcellencia.cat\/wp-content\/uploads\/2024\/05\/joventut-pirineu-actiu-jornades-excellencia-2024.png","contentUrl":"https:\/\/www.jornadesperalexcellencia.cat\/wp-content\/uploads\/2024\/05\/joventut-pirineu-actiu-jornades-excellencia-2024.png","width":900,"height":600},{"@type":"BreadcrumbList","@id":"https:\/\/www.jornadesperalexcellencia.cat\/es\/el-papel-de-los-jovenes-en-el-pirineo-centrara-las-jornadas-para-la-excelencia-de-este-ano\/#breadcrumb","itemListElement":[{"@type":"ListItem","position":1,"name":"Inici","item":"https:\/\/www.jornadesperalexcellencia.cat\/es\/inicio\/"},{"@type":"ListItem","position":2,"name":"El papel de los j\u00f3venes en el Pirineo centrar\u00e1 las Jornadas para la excelencia de este a\u00f1o"}]},{"@type":"WebSite","@id":"https:\/\/www.jornadesperalexcellencia.cat\/es\/#website","url":"https:\/\/www.jornadesperalexcellencia.cat\/es\/","name":"Jornades per a l&#039;excel\u00b7l\u00e8ncia","description":"Confer\u00e8ncies anuals per al progr\u00e9s i desenvolupament dels territoris del Pirineu. Esterri d&#039;\u00c0neu i Andorra.","alternateName":"Jornades per a l'excel\u00b7l\u00e8ncia","potentialAction":[{"@type":"SearchAction","target":{"@type":"EntryPoint","urlTemplate":"https:\/\/www.jornadesperalexcellencia.cat\/es\/?s={search_term_string}"},"query-input":{"@type":"PropertyValueSpecification","valueRequired":true,"valueName":"search_term_string"}}],"inLanguage":"es"},{"@type":"Person","@id":"https:\/\/www.jornadesperalexcellencia.cat\/es\/#\/schema\/person\/647af0bd5b91e43a5f04ee7b596bf2ca","name":"PCadmin-jx","sameAs":["https:\/\/www.jornadesperalexcellencia.cat"],"url":"https:\/\/www.jornadesperalexcellencia.cat\/es\/author\/pcadmin-jx\/"}]}},"_links":{"self":[{"href":"https:\/\/www.jornadesperalexcellencia.cat\/es\/wp-json\/wp\/v2\/posts\/10093","targetHints":{"allow":["GET"]}}],"collection":[{"href":"https:\/\/www.jornadesperalexcellencia.cat\/es\/wp-json\/wp\/v2\/posts"}],"about":[{"href":"https:\/\/www.jornadesperalexcellencia.cat\/es\/wp-json\/wp\/v2\/types\/post"}],"author":[{"embeddable":true,"href":"https:\/\/www.jornadesperalexcellencia.cat\/es\/wp-json\/wp\/v2\/users\/1"}],"replies":[{"embeddable":true,"href":"https:\/\/www.jornadesperalexcellencia.cat\/es\/wp-json\/wp\/v2\/comments?post=10093"}],"version-history":[{"count":0,"href":"https:\/\/www.jornadesperalexcellencia.cat\/es\/wp-json\/wp\/v2\/posts\/10093\/revisions"}],"wp:featuredmedia":[{"embeddable":true,"href":"https:\/\/www.jornadesperalexcellencia.cat\/es\/wp-json\/wp\/v2\/media\/10090"}],"wp:attachment":[{"href":"https:\/\/www.jornadesperalexcellencia.cat\/es\/wp-json\/wp\/v2\/media?parent=10093"}],"wp:term":[{"taxonomy":"category","embeddable":true,"href":"https:\/\/www.jornadesperalexcellencia.cat\/es\/wp-json\/wp\/v2\/categories?post=10093"},{"taxonomy":"post_tag","embeddable":true,"href":"https:\/\/www.jornadesperalexcellencia.cat\/es\/wp-json\/wp\/v2\/tags?post=10093"}],"curies":[{"name":"wp","href":"https:\/\/api.w.org\/{rel}","templated":true}]}}